{"id":27,"date":"2018-07-04T19:07:15","date_gmt":"2018-07-04T19:07:15","guid":{"rendered":"http:\/\/pinheiroscosmeticos.com.br\/blog\/?p=27"},"modified":"2020-01-06T17:05:09","modified_gmt":"2020-01-06T17:05:09","slug":"o-pincel-correto-para-cada-produto","status":"publish","type":"post","link":"https:\/\/pinheiroscosmeticos.com.br\/blog\/2018\/07\/04\/o-pincel-correto-para-cada-produto\/","title":{"rendered":"O pincel correto para cada produto"},"content":{"rendered":"<div class=\"page\" title=\"Page 1\">\n<div class=\"layoutArea\">\n<div class=\"column\">\n<h1>J\u00e1 tem o que precisa para a sua make? Espera a\u00ed que ainda falta um detalhe: o seu conjunto de pinc\u00e9is para maquiagem.<\/h1>\n<p>Para conseguir usar todos aqueles produtinhos que te deixam mais linda, a aplica\u00e7\u00e3o \u00e9 uma etapa muito importante. Por isso, confira quais procurar nas lojas de cosm\u00e9ticos e para que serve cada pincel de maquiagem:<\/p>\n<p><!--more--><\/p>\n<h2>\u2022 Base<\/h2>\n<div class=\"page\" title=\"Page 1\">\n<div class=\"section\">\n<div class=\"layoutArea\">\n<div class=\"column\">\n<p>O pincel para a base ser\u00e1 escolhido depender\u00e1 de acordo com o produto que voc\u00ea est\u00e1 acostumada a usar e da cobertura desejada. S\u00e3o tr\u00eas os principais pinc\u00e9is indicados:<\/p>\n<\/div>\n<\/div>\n<\/div>\n<\/div>\n<h2>Kabuki<\/h2>\n<\/div>\n<\/div>\n<div class=\"section\">\n<div class=\"layoutArea\">\n<div class=\"column\">\n<p>O pincel para a base ser\u00e1 escolhido depender\u00e1 de acordo com o produto que voc\u00ea est\u00e1 acostumada a usar e da cobertura desejada. S\u00e3o tr\u00eas os principais pinc\u00e9is indicados:<\/p>\n<\/div>\n<\/div>\n<\/div>\n<div class=\"section\">\n<div class=\"layoutArea\">\n<div class=\"column\">\n<p>Funcionam tanto com bases l\u00edquidas, quanto com cremosas. Promovem cobertura de m\u00e9dia \u00e0 alta, mas possuem cerdas firmes, o que dificulta uma aplica\u00e7\u00e3o completamente homog\u00eanea. Ou seja, n\u00e3o \u00e9 uma boa pedida para quem n\u00e3o tem experi\u00eancia, hein.<\/p>\n<div class=\"layoutArea\">\n<div class=\"column\">\n<p>Indicados para aplica\u00e7\u00e3o de bases l\u00edquidas com movimentos circulares, cobertura de m\u00e9dia \u00e0 alta, homog\u00eanea e com acabamento natural. Este tipo de pincel requer m\u00e3o leve a fim de n\u00e3o aplicar mais produtos do que o necess\u00e1rio e\/ou desejado.<\/p>\n<\/div>\n<\/div>\n<div class=\"layoutArea\">\n<div class=\"column\">\n<h2>Duo Fiber<\/h2>\n<p>Ele pode ser utilizado para aplica\u00e7\u00e3o de variadas texturas de base promovendo excelentes resultados. O Duo Fiber pode ser encontrado em diversos tamanhos, sendo que, quanto menor ele for mais precisa ser\u00e1 sua aplica\u00e7\u00e3o.<\/p>\n<p><strong>Fica a dica:<\/strong> Para obter uma cobertura bem leve, borrife \u00e1gua termal sobre o produto antes de proceder com a aplica\u00e7\u00e3o da base.<\/p>\n<\/div>\n<\/div>\n<\/div>\n<\/div>\n<\/div>\n<\/div>\n<div class=\"page\" title=\"Page 2\">\n<div class=\"layoutArea\">\n<div class=\"column\">\n<h2>\u2022 Corretivo<\/h2>\n<\/div>\n<\/div>\n<div class=\"section\">\n<div class=\"layoutArea\">\n<div class=\"column\">\n<p>Cerdas sint\u00e9ticas, achatado, no formato de \u201cl\u00edngua de gato\u201d e tamanho pequeno, como se fosse uma vers\u00e3o mini e magrinha do pincel de base convencional. Eficaz na aplica\u00e7\u00e3o de corretivos l\u00edquidos e cremosos, ideal para cobrir pequenas manchas e para depositar o produto sobre as olheiras.<\/p>\n<\/div>\n<\/div>\n<\/div>\n<div class=\"layoutArea\">\n<div class=\"column\">\n<h2>\u2022 P\u00f3<\/h2>\n<\/div>\n<\/div>\n<div class=\"section\">\n<div class=\"layoutArea\">\n<div class=\"column\">\n<p>Deve ser grande, cheio, fofo, com formato arredondado e composto por cerdas naturais, as quais n\u00e3o ir\u00e3o arranhar a base previamente aplicada. Com as caracter\u00edsticas citadas acima, o pincel executar\u00e1 com efici\u00eancia esta etapa da maquiagem com praticamente todos os tipos de p\u00f3s. S\u00f3 n\u00e3o se esque\u00e7a de sempre retirar o excesso de p\u00f3 do pincel com leves batidinhas antes de aplic\u00e1-lo no rosto.<\/p>\n<\/div>\n<\/div>\n<\/div>\n<div class=\"layoutArea\">\n<div class=\"column\">\n<h2>\u2022 Blush<\/h2>\n<p>Ele deve ser parecido com o pincel de p\u00f3, por\u00e9m com formato menor, cerdas mais longas e menos densas. Quanto mais delicado-fofas forem suas cerdas, melhor ser\u00e1 seu resultado.<\/p>\n<h2>\u2022 Iluminador<\/h2>\n<\/div>\n<\/div>\n<div class=\"section\">\n<div class=\"layoutArea\">\n<div class=\"column\">\n<p>Assim como os pinc\u00e9is para a base, indicaremos tr\u00eas tipos para iluminadores. Primeiramente, o pincel de contorno pequeno, que n\u00e3o aplica muito produto e esfuma muito bem e \u00e9 macio e pequeno, sendo \u00f3timo para iluminar \u00e1reas como acima das ma\u00e7\u00e3s do rosto e nariz; o pincel pontudo pequeno tem uma pontinha, que confere mais precis\u00e3o na hora da aplica\u00e7\u00e3o; por fim, o duo fiber \u00e9 mais utilizado para aplicar iluminadores cremosos.<\/p>\n<\/div>\n<\/div>\n<\/div>\n<\/div>\n<div class=\"page\" title=\"Page 3\">\n<div class=\"layoutArea\">\n<div class=\"column\">\n<h2>\u2022 Sombra<\/h2>\n<\/div>\n<\/div>\n<div class=\"section\">\n<div class=\"layoutArea\">\n<div class=\"column\">\n<p>Pequeno, feito com cerdas naturais e no formato achatado. Quanto mais firmes forem as cerdas, maior ser\u00e1 a precis\u00e3o, o potencial de constru\u00e7\u00e3o e a intensifica\u00e7\u00e3o dos pigmentos na maquiagem.<\/p>\n<\/div>\n<\/div>\n<\/div>\n<div class=\"layoutArea\">\n<div class=\"column\">\n<h2>\u2022 Delineador<\/h2>\n<div class=\"layoutArea\">\n<div class=\"column\">\n<p>Serve para contornar os olhos nas p\u00e1lpebras superior e inferior, delinear a linha d\u2019\u00e1gua, preencher sobrancelhas e aplicar delineadores em gel. Pequeno, bem fino, com cerdas firmes e topo chanfrando.<\/p>\n<\/div>\n<\/div>\n<div class=\"layoutArea\">\n<div class=\"column\">\n<p>Com esse conjunto de pinc\u00e9is para maquiagem em m\u00e3os, a aplica\u00e7\u00e3o fica n\u00e3o s\u00f3 mais f\u00e1cil, como mais eficaz. Para potencializar o efeito da sua make, realize uma limpeza de pele, pelo menos, uma vez por m\u00eas para deixa-la hidratada e saud\u00e1vel.<\/p>\n<p>[rock-convert-pdf id=&#8221;27&#8243;]<\/p>\n<\/div>\n<\/div>\n<\/div>\n<\/div>\n<\/div>\n","protected":false},"excerpt":{"rendered":"<p>J\u00e1 tem o que precisa para a sua make? Espera a\u00ed que ainda falta um detalhe: o seu conjunto de pinc\u00e9is para maquiagem. Para conseguir usar todos aqueles produtinhos que te deixam mais linda, a aplica\u00e7\u00e3o \u00e9 uma etapa muito importante. Por isso, confira quais procurar nas lojas de cosm\u00e9ticos e para que serve cada [&hellip;]<\/p>\n","protected":false},"author":1,"featured_media":28,"comment_status":"open","ping_status":"open","sticky":false,"template":"","format":"standard","meta":{"_mi_skip_tracking":false,"_exactmetrics_sitenote_active":false,"_exactmetrics_sitenote_note":"","_exactmetrics_sitenote_category":0},"categories":[1],"tags":[],"yoast_head":"<!-- This site is optimized with the Yoast SEO plugin v21.0 - https:\/\/yoast.com\/wordpress\/plugins\/seo\/ -->\n<title>O pincel correto para cada produto - Pinheiros Cosm\u00e9ticos<\/title>\n<meta name=\"robots\" content=\"index, follow, max-snippet:-1, max-image-preview:large, max-video-preview:-1\" \/>\n<link rel=\"canonical\" href=\"https:\/\/pinheiroscosmeticos.com.br\/blog\/2018\/07\/04\/o-pincel-correto-para-cada-produto\/\" \/>\n<meta property=\"og:locale\" content=\"pt_BR\" \/>\n<meta property=\"og:type\" content=\"article\" \/>\n<meta property=\"og:title\" content=\"O pincel correto para cada produto - Pinheiros Cosm\u00e9ticos\" \/>\n<meta property=\"og:description\" content=\"J\u00e1 tem o que precisa para a sua make? Espera a\u00ed que ainda falta um detalhe: o seu conjunto de pinc\u00e9is para maquiagem. Para conseguir usar todos aqueles produtinhos que te deixam mais linda, a aplica\u00e7\u00e3o \u00e9 uma etapa muito importante. Por isso, confira quais procurar nas lojas de cosm\u00e9ticos e para que serve cada [&hellip;]\" \/>\n<meta property=\"og:url\" content=\"https:\/\/pinheiroscosmeticos.com.br\/blog\/2018\/07\/04\/o-pincel-correto-para-cada-produto\/\" \/>\n<meta property=\"og:site_name\" content=\"Pinheiros Cosm\u00e9ticos\" \/>\n<meta property=\"article:publisher\" content=\"https:\/\/www.facebook.com\/pinheiroscosmeticos\/\" \/>\n<meta property=\"article:published_time\" content=\"2018-07-04T19:07:15+00:00\" \/>\n<meta property=\"article:modified_time\" content=\"2020-01-06T17:05:09+00:00\" \/>\n<meta property=\"og:image\" content=\"https:\/\/pinheiroscosmeticos.com.br\/blog\/wp-content\/uploads\/2018\/07\/WhatsApp-Image-2018-07-04-at-14.51.42.jpeg\" \/>\n\t<meta property=\"og:image:width\" content=\"1024\" \/>\n\t<meta property=\"og:image:height\" content=\"512\" \/>\n\t<meta property=\"og:image:type\" content=\"image\/jpeg\" \/>\n<meta name=\"author\" content=\"dBriefing\" \/>\n<meta name=\"twitter:card\" content=\"summary_large_image\" \/>\n<meta name=\"twitter:label1\" content=\"Escrito por\" \/>\n\t<meta name=\"twitter:data1\" content=\"dBriefing\" \/>\n\t<meta name=\"twitter:label2\" content=\"Est. tempo de leitura\" \/>\n\t<meta name=\"twitter:data2\" content=\"3 minutos\" \/>\n<script type=\"application\/ld+json\" class=\"yoast-schema-graph\">{\"@context\":\"https:\/\/schema.org\",\"@graph\":[{\"@type\":\"WebPage\",\"@id\":\"https:\/\/pinheiroscosmeticos.com.br\/blog\/2018\/07\/04\/o-pincel-correto-para-cada-produto\/\",\"url\":\"https:\/\/pinheiroscosmeticos.com.br\/blog\/2018\/07\/04\/o-pincel-correto-para-cada-produto\/\",\"name\":\"O pincel correto para cada produto - Pinheiros Cosm\u00e9ticos\",\"isPartOf\":{\"@id\":\"https:\/\/pinheiroscosmeticos.com.br\/blog\/#website\"},\"datePublished\":\"2018-07-04T19:07:15+00:00\",\"dateModified\":\"2020-01-06T17:05:09+00:00\",\"author\":{\"@id\":\"https:\/\/pinheiroscosmeticos.com.br\/blog\/#\/schema\/person\/8a6c965f731e6683d1a22944c15bb130\"},\"breadcrumb\":{\"@id\":\"https:\/\/pinheiroscosmeticos.com.br\/blog\/2018\/07\/04\/o-pincel-correto-para-cada-produto\/#breadcrumb\"},\"inLanguage\":\"pt-BR\",\"potentialAction\":[{\"@type\":\"ReadAction\",\"target\":[\"https:\/\/pinheiroscosmeticos.com.br\/blog\/2018\/07\/04\/o-pincel-correto-para-cada-produto\/\"]}]},{\"@type\":\"BreadcrumbList\",\"@id\":\"https:\/\/pinheiroscosmeticos.com.br\/blog\/2018\/07\/04\/o-pincel-correto-para-cada-produto\/#breadcrumb\",\"itemListElement\":[{\"@type\":\"ListItem\",\"position\":1,\"name\":\"In\u00edcio\",\"item\":\"https:\/\/pinheiroscosmeticos.com.br\/blog\/\"},{\"@type\":\"ListItem\",\"position\":2,\"name\":\"O pincel correto para cada produto\"}]},{\"@type\":\"WebSite\",\"@id\":\"https:\/\/pinheiroscosmeticos.com.br\/blog\/#website\",\"url\":\"https:\/\/pinheiroscosmeticos.com.br\/blog\/\",\"name\":\"Pinheiros Cosm\u00e9ticos Blog\",\"description\":\"Blog Oficial\",\"potentialAction\":[{\"@type\":\"SearchAction\",\"target\":{\"@type\":\"EntryPoint\",\"urlTemplate\":\"https:\/\/pinheiroscosmeticos.com.br\/blog\/?s={search_term_string}\"},\"query-input\":\"required name=search_term_string\"}],\"inLanguage\":\"pt-BR\"},{\"@type\":\"Person\",\"@id\":\"https:\/\/pinheiroscosmeticos.com.br\/blog\/#\/schema\/person\/8a6c965f731e6683d1a22944c15bb130\",\"name\":\"dBriefing\",\"image\":{\"@type\":\"ImageObject\",\"inLanguage\":\"pt-BR\",\"@id\":\"https:\/\/pinheiroscosmeticos.com.br\/blog\/#\/schema\/person\/image\/\",\"url\":\"https:\/\/secure.gravatar.com\/avatar\/2a5ab9ddec46cad63aeb0075ab70d944?s=96&d=mm&r=g\",\"contentUrl\":\"https:\/\/secure.gravatar.com\/avatar\/2a5ab9ddec46cad63aeb0075ab70d944?s=96&d=mm&r=g\",\"caption\":\"dBriefing\"}}]}<\/script>\n<!-- \/ Yoast SEO plugin. -->","yoast_head_json":{"title":"O pincel correto para cada produto - Pinheiros Cosm\u00e9ticos","robots":{"index":"index","follow":"follow","max-snippet":"max-snippet:-1","max-image-preview":"max-image-preview:large","max-video-preview":"max-video-preview:-1"},"canonical":"https:\/\/pinheiroscosmeticos.com.br\/blog\/2018\/07\/04\/o-pincel-correto-para-cada-produto\/","og_locale":"pt_BR","og_type":"article","og_title":"O pincel correto para cada produto - Pinheiros Cosm\u00e9ticos","og_description":"J\u00e1 tem o que precisa para a sua make? Espera a\u00ed que ainda falta um detalhe: o seu conjunto de pinc\u00e9is para maquiagem. Para conseguir usar todos aqueles produtinhos que te deixam mais linda, a aplica\u00e7\u00e3o \u00e9 uma etapa muito importante. Por isso, confira quais procurar nas lojas de cosm\u00e9ticos e para que serve cada [&hellip;]","og_url":"https:\/\/pinheiroscosmeticos.com.br\/blog\/2018\/07\/04\/o-pincel-correto-para-cada-produto\/","og_site_name":"Pinheiros Cosm\u00e9ticos","article_publisher":"https:\/\/www.facebook.com\/pinheiroscosmeticos\/","article_published_time":"2018-07-04T19:07:15+00:00","article_modified_time":"2020-01-06T17:05:09+00:00","og_image":[{"width":1024,"height":512,"url":"https:\/\/pinheiroscosmeticos.com.br\/blog\/wp-content\/uploads\/2018\/07\/WhatsApp-Image-2018-07-04-at-14.51.42.jpeg","type":"image\/jpeg"}],"author":"dBriefing","twitter_card":"summary_large_image","twitter_misc":{"Escrito por":"dBriefing","Est. tempo de leitura":"3 minutos"},"schema":{"@context":"https:\/\/schema.org","@graph":[{"@type":"WebPage","@id":"https:\/\/pinheiroscosmeticos.com.br\/blog\/2018\/07\/04\/o-pincel-correto-para-cada-produto\/","url":"https:\/\/pinheiroscosmeticos.com.br\/blog\/2018\/07\/04\/o-pincel-correto-para-cada-produto\/","name":"O pincel correto para cada produto - Pinheiros Cosm\u00e9ticos","isPartOf":{"@id":"https:\/\/pinheiroscosmeticos.com.br\/blog\/#website"},"datePublished":"2018-07-04T19:07:15+00:00","dateModified":"2020-01-06T17:05:09+00:00","author":{"@id":"https:\/\/pinheiroscosmeticos.com.br\/blog\/#\/schema\/person\/8a6c965f731e6683d1a22944c15bb130"},"breadcrumb":{"@id":"https:\/\/pinheiroscosmeticos.com.br\/blog\/2018\/07\/04\/o-pincel-correto-para-cada-produto\/#breadcrumb"},"inLanguage":"pt-BR","potentialAction":[{"@type":"ReadAction","target":["https:\/\/pinheiroscosmeticos.com.br\/blog\/2018\/07\/04\/o-pincel-correto-para-cada-produto\/"]}]},{"@type":"BreadcrumbList","@id":"https:\/\/pinheiroscosmeticos.com.br\/blog\/2018\/07\/04\/o-pincel-correto-para-cada-produto\/#breadcrumb","itemListElement":[{"@type":"ListItem","position":1,"name":"In\u00edcio","item":"https:\/\/pinheiroscosmeticos.com.br\/blog\/"},{"@type":"ListItem","position":2,"name":"O pincel correto para cada produto"}]},{"@type":"WebSite","@id":"https:\/\/pinheiroscosmeticos.com.br\/blog\/#website","url":"https:\/\/pinheiroscosmeticos.com.br\/blog\/","name":"Pinheiros Cosm\u00e9ticos Blog","description":"Blog Oficial","potentialAction":[{"@type":"SearchAction","target":{"@type":"EntryPoint","urlTemplate":"https:\/\/pinheiroscosmeticos.com.br\/blog\/?s={search_term_string}"},"query-input":"required name=search_term_string"}],"inLanguage":"pt-BR"},{"@type":"Person","@id":"https:\/\/pinheiroscosmeticos.com.br\/blog\/#\/schema\/person\/8a6c965f731e6683d1a22944c15bb130","name":"dBriefing","image":{"@type":"ImageObject","inLanguage":"pt-BR","@id":"https:\/\/pinheiroscosmeticos.com.br\/blog\/#\/schema\/person\/image\/","url":"https:\/\/secure.gravatar.com\/avatar\/2a5ab9ddec46cad63aeb0075ab70d944?s=96&d=mm&r=g","contentUrl":"https:\/\/secure.gravatar.com\/avatar\/2a5ab9ddec46cad63aeb0075ab70d944?s=96&d=mm&r=g","caption":"dBriefing"}}]}},"_links":{"self":[{"href":"https:\/\/pinheiroscosmeticos.com.br\/blog\/wp-json\/wp\/v2\/posts\/27"}],"collection":[{"href":"https:\/\/pinheiroscosmeticos.com.br\/blog\/wp-json\/wp\/v2\/posts"}],"about":[{"href":"https:\/\/pinheiroscosmeticos.com.br\/blog\/wp-json\/wp\/v2\/types\/post"}],"author":[{"embeddable":true,"href":"https:\/\/pinheiroscosmeticos.com.br\/blog\/wp-json\/wp\/v2\/users\/1"}],"replies":[{"embeddable":true,"href":"https:\/\/pinheiroscosmeticos.com.br\/blog\/wp-json\/wp\/v2\/comments?post=27"}],"version-history":[{"count":5,"href":"https:\/\/pinheiroscosmeticos.com.br\/blog\/wp-json\/wp\/v2\/posts\/27\/revisions"}],"predecessor-version":[{"id":1223,"href":"https:\/\/pinheiroscosmeticos.com.br\/blog\/wp-json\/wp\/v2\/posts\/27\/revisions\/1223"}],"wp:featuredmedia":[{"embeddable":true,"href":"https:\/\/pinheiroscosmeticos.com.br\/blog\/wp-json\/wp\/v2\/media\/28"}],"wp:attachment":[{"href":"https:\/\/pinheiroscosmeticos.com.br\/blog\/wp-json\/wp\/v2\/media?parent=27"}],"wp:term":[{"taxonomy":"category","embeddable":true,"href":"https:\/\/pinheiroscosmeticos.com.br\/blog\/wp-json\/wp\/v2\/categories?post=27"},{"taxonomy":"post_tag","embeddable":true,"href":"https:\/\/pinheiroscosmeticos.com.br\/blog\/wp-json\/wp\/v2\/tags?post=27"}],"curies":[{"name":"wp","href":"https:\/\/api.w.org\/{rel}","templated":true}]}}