{"id":34,"date":"2018-07-13T17:10:50","date_gmt":"2018-07-13T17:10:50","guid":{"rendered":"http:\/\/pinheiroscosmeticos.com.br\/blog\/?p=34"},"modified":"2020-01-06T17:09:09","modified_gmt":"2020-01-06T17:09:09","slug":"tendencia-de-cortes-para-o-inverno-2018","status":"publish","type":"post","link":"https:\/\/pinheiroscosmeticos.com.br\/blog\/2018\/07\/13\/tendencia-de-cortes-para-o-inverno-2018\/","title":{"rendered":"Tend\u00eancia de cortes para o Inverno 2018"},"content":{"rendered":"<h1 class=\"p1\"><span class=\"s1\"><b>Aposte nos cortes mais leves e pr\u00e1ticos para se destacar nesse Inverno. Confira nossas dicas.<\/b><\/span><\/h1>\n<p class=\"p1\"><span class=\"s1\">Voc\u00ea tem medo da tesoura? Pois n\u00e3o deveria, hein. Se usada da forma correta ela pode dar vida a um cabelo. Ok, n\u00e3o \u00e9 como se um corte fosse capaz de dar um restart na sua vida Mas, com certeza, pode te trazer a confian\u00e7a que muitas vezes o comodismo tira.<\/span><!--more--><\/p>\n<p class=\"p2\"><span class=\"s1\">Bom, mas qual corte escolher? Reunimos os principais cortes para o Inverno 2018 pra te ajudar a decidir:<\/span><\/p>\n<ul class=\"ul1\">\n<li class=\"li3\">\n<h2><span class=\"s1\"><b>Double Long Bob<\/b><\/span><\/h2>\n<\/li>\n<\/ul>\n<p class=\"p4\"><span class=\"s1\">Seguindo com uma base reta, o corte \u00e9 uma releitura do tradicional\u00a0<i>long bob<\/i>. A diferen\u00e7a \u00e9 o seu comprimento que alcan\u00e7a a altura dos ombros. O corte mant\u00e9m o estilo cl\u00e1ssico e tamb\u00e9m permite ousar com ondas irregulares na finaliza\u00e7\u00e3o de uma escova.<\/span><\/p>\n<ul class=\"ul1\">\n<li class=\"li3\">\n<h2><span class=\"s1\"><b>Blunt Cut<\/b><\/span><\/h2>\n<\/li>\n<\/ul>\n<p class=\"p5\"><span class=\"s1\">Voc\u00ea quer criar impacto? Ent\u00e3o aposte nesse corte que pode ser considerado a grande sensa\u00e7\u00e3o para o outono-inverno 2018. Com bastante personalidade, o penteado chama a aten\u00e7\u00e3o pelo seu corte de base extremamente reta.<\/span><\/p>\n<p class=\"p4\"><span class=\"s1\">O comprimento ideal para o corte vai da escolha de cada um, porque o que realmente ir\u00e1 chamar a aten\u00e7\u00e3o \u00e9 o estilo do look. <\/span><\/p>\n<ul class=\"ul1\">\n<li class=\"li3\">\n<h2><span class=\"s1\"><b>Franja lateral<\/b><\/span><\/h2>\n<\/li>\n<\/ul>\n<p class=\"p5\"><span class=\"s1\">Ok, estamos indo muito r\u00e1pido? Tudo bem, comecemos a fazer pequenas altera\u00e7\u00f5es pra que o choque n\u00e3o seja t\u00e3o grande.<\/span><\/p>\n<p class=\"p4\"><span class=\"s1\"> O corte com uma franja mais curta e os fios levemente repicados ou com uma base reta pode ser uma escolha ideal para proporcionar uma mudan\u00e7a de visual bem sutil, por\u00e9m muito linda. Assim, o cabelo ganha movimento e o<span class=\"Apple-converted-space\">\u00a0 <\/span>look \u00e9 suavizado. <\/span><\/p>\n<ul class=\"ul1\">\n<li class=\"li3\">\n<h2><span class=\"s1\"><b>Na altura dos ombros<\/b><\/span><\/h2>\n<\/li>\n<\/ul>\n<p class=\"p4\"><span class=\"s1\">Nada melhor do que adquirir o cl\u00e1ssico penteado na altura dos ombros. E o melhor, ele est\u00e1 com tudo neste inverno. O corte proporciona um estilo totalmente Cl\u00e9a e com efeito natural. Esse tipo de corte \u00e9<span class=\"Apple-converted-space\">\u00a0 <\/span>perfeito para v\u00e1rias modelagens de cabelo, como os cacheados, lisos e ondulados.<\/span><\/p>\n<ul class=\"ul1\">\n<li class=\"li5\">\n<h2><span class=\"s1\"><b>Afro<\/b><\/span><\/h2>\n<\/li>\n<\/ul>\n<p class=\"p6\"><span class=\"s1\">Para os mais curtos vale o corte mais incorporado e volumoso em cima e bem baixinho dos lados. Com o tamanho intermedi\u00e1rio, fica bem o corte em camadas deixando mais volumoso e uniforme.<\/span><\/p>\n<p class=\"p6\"><span class=\"s1\">Sendo assim, quanto mais camadas, mais volume. Agora, se voc\u00ea quer o estilo\u00a0<i>black power<\/i>\u00a0o corte\u00a0<i>bob<\/i> arredondado \u00e9 ideal.<\/span><\/p>\n<p class=\"p6\"><span class=\"s1\">Perceba que todas essas op\u00e7\u00f5es visam uma coisa: praticidade aliada ao estilo. A correria do dia-a-dia n\u00e3o nos permite passar horas e horas arrumando as madeixas, ent\u00e3o uma quest\u00e3o a se considerar \u00e9 qual tipo de corte \u00e9 mais vi\u00e1vel dentro da sua rotina de cuidados.<\/span><\/p>\n<p class=\"p6\"><span class=\"s1\">Outro ponto que tamb\u00e9m influenciar\u00e1 na sua decis\u00e3o \u00e9 o seu tipo de rosto. Claro, n\u00e3o existem restri\u00e7\u00f5es, mas alguns cortes s\u00e3o mais indicados a certos formatos. Rostos redondos pedem por c<\/span><span class=\"s6\">abelos com laterais mais retas, que cubram as ma\u00e7as do\u00a0rosto. Cria-se um efeito mais sutil e alonga a silhueta. <\/span><\/p>\n<p class=\"p7\"><span class=\"s7\">Em rostos ovais, fanjas retas ou laterais s\u00e3o bem vindas, dando a impress\u00e3o do\u00a0rosto\u00a0n\u00e3o ser t\u00e3o longo. Cortes perfilados, a partir do queixo, criam leveza e suavizam o queixo, que pode ser levemente retra\u00eddo. A base do\u00a0corte\u00a0pode ser mais reta.<\/span><\/p>\n<p class=\"p8\"><span class=\"s8\">C<\/span><span class=\"s7\">ortes mais desestruturados, linhas assim\u00e9tricas e um pouco mais de volume valorizam rostos quadrados. Cabelos curtos, em especial, se adequam muito bem a esse formato, por expor todas as linhas inclinadas.<\/span><\/p>\n<p class=\"p9\"><span class=\"s1\">Por fim, para rostos com formato triangular, as franjas diminuem esse aspecto criando mais \u00e1rea na regi\u00e3o das bochechas, criando aspecto suave em rela\u00e7\u00e3o \u00e0 mand\u00edbula. Cortes com volume e movimento em comprimentos m\u00e9dios valorizam esse formato de\u00a0rosto.<\/span><\/p>\n<p class=\"p1\"><span class=\"s1\">Agora voc\u00ea se sente mais segura para decidir? S\u00f3 n\u00e3o se esque\u00e7a que, independente da sua mudan\u00e7a, seu cabelo deve estar hidratado e saud\u00e1vel.<\/p>\n<p>[rock-convert-pdf id=&#8221;34&#8243;]<br \/>\n<\/span><\/p>\n","protected":false},"excerpt":{"rendered":"<p>Aposte nos cortes mais leves e pr\u00e1ticos para se destacar nesse Inverno. Confira nossas dicas. Voc\u00ea tem medo da tesoura? Pois n\u00e3o deveria, hein. Se usada da forma correta ela pode dar vida a um cabelo. Ok, n\u00e3o \u00e9 como se um corte fosse capaz de dar um restart na sua vida Mas, com certeza, [&hellip;]<\/p>\n","protected":false},"author":1,"featured_media":35,"comment_status":"open","ping_status":"open","sticky":false,"template":"","format":"standard","meta":{"_mi_skip_tracking":false,"_exactmetrics_sitenote_active":false,"_exactmetrics_sitenote_note":"","_exactmetrics_sitenote_category":0},"categories":[1],"tags":[],"yoast_head":"<!-- This site is optimized with the Yoast SEO plugin v21.0 - https:\/\/yoast.com\/wordpress\/plugins\/seo\/ -->\n<title>Tend\u00eancia de cortes para o Inverno 2018 - Pinheiros Cosm\u00e9ticos Blog<\/title>\n<meta name=\"description\" content=\"Cortes para o inverno, est\u00e1 preparada? Aposte nos cortes mais leves e pr\u00e1ticos para essa esta\u00e7\u00e3o do ano. Confira nossas dicas:\" \/>\n<meta name=\"robots\" content=\"index, follow, max-snippet:-1, max-image-preview:large, max-video-preview:-1\" \/>\n<link rel=\"canonical\" href=\"https:\/\/pinheiroscosmeticos.com.br\/blog\/2018\/07\/13\/tendencia-de-cortes-para-o-inverno-2018\/\" \/>\n<meta property=\"og:locale\" content=\"pt_BR\" \/>\n<meta property=\"og:type\" content=\"article\" \/>\n<meta property=\"og:title\" content=\"Tend\u00eancia de cortes para o Inverno 2018 - Pinheiros Cosm\u00e9ticos Blog\" \/>\n<meta property=\"og:description\" content=\"Cortes para o inverno, est\u00e1 preparada? Aposte nos cortes mais leves e pr\u00e1ticos para essa esta\u00e7\u00e3o do ano. Confira nossas dicas:\" \/>\n<meta property=\"og:url\" content=\"https:\/\/pinheiroscosmeticos.com.br\/blog\/2018\/07\/13\/tendencia-de-cortes-para-o-inverno-2018\/\" \/>\n<meta property=\"og:site_name\" content=\"Pinheiros Cosm\u00e9ticos\" \/>\n<meta property=\"article:publisher\" content=\"https:\/\/www.facebook.com\/pinheiroscosmeticos\/\" \/>\n<meta property=\"article:published_time\" content=\"2018-07-13T17:10:50+00:00\" \/>\n<meta property=\"article:modified_time\" content=\"2020-01-06T17:09:09+00:00\" \/>\n<meta property=\"og:image\" content=\"https:\/\/pinheiroscosmeticos.com.br\/blog\/wp-content\/uploads\/2018\/07\/12-07.png\" \/>\n\t<meta property=\"og:image:width\" content=\"1024\" \/>\n\t<meta property=\"og:image:height\" content=\"512\" \/>\n\t<meta property=\"og:image:type\" content=\"image\/png\" \/>\n<meta name=\"author\" content=\"dBriefing\" \/>\n<meta name=\"twitter:card\" content=\"summary_large_image\" \/>\n<meta name=\"twitter:label1\" content=\"Escrito por\" \/>\n\t<meta name=\"twitter:data1\" content=\"dBriefing\" \/>\n\t<meta name=\"twitter:label2\" content=\"Est. tempo de leitura\" \/>\n\t<meta name=\"twitter:data2\" content=\"3 minutos\" \/>\n<script type=\"application\/ld+json\" class=\"yoast-schema-graph\">{\"@context\":\"https:\/\/schema.org\",\"@graph\":[{\"@type\":\"WebPage\",\"@id\":\"https:\/\/pinheiroscosmeticos.com.br\/blog\/2018\/07\/13\/tendencia-de-cortes-para-o-inverno-2018\/\",\"url\":\"https:\/\/pinheiroscosmeticos.com.br\/blog\/2018\/07\/13\/tendencia-de-cortes-para-o-inverno-2018\/\",\"name\":\"Tend\u00eancia de cortes para o Inverno 2018 - Pinheiros Cosm\u00e9ticos Blog\",\"isPartOf\":{\"@id\":\"https:\/\/pinheiroscosmeticos.com.br\/blog\/#website\"},\"datePublished\":\"2018-07-13T17:10:50+00:00\",\"dateModified\":\"2020-01-06T17:09:09+00:00\",\"author\":{\"@id\":\"https:\/\/pinheiroscosmeticos.com.br\/blog\/#\/schema\/person\/8a6c965f731e6683d1a22944c15bb130\"},\"description\":\"Cortes para o inverno, est\u00e1 preparada? Aposte nos cortes mais leves e pr\u00e1ticos para essa esta\u00e7\u00e3o do ano. Confira nossas dicas:\",\"breadcrumb\":{\"@id\":\"https:\/\/pinheiroscosmeticos.com.br\/blog\/2018\/07\/13\/tendencia-de-cortes-para-o-inverno-2018\/#breadcrumb\"},\"inLanguage\":\"pt-BR\",\"potentialAction\":[{\"@type\":\"ReadAction\",\"target\":[\"https:\/\/pinheiroscosmeticos.com.br\/blog\/2018\/07\/13\/tendencia-de-cortes-para-o-inverno-2018\/\"]}]},{\"@type\":\"BreadcrumbList\",\"@id\":\"https:\/\/pinheiroscosmeticos.com.br\/blog\/2018\/07\/13\/tendencia-de-cortes-para-o-inverno-2018\/#breadcrumb\",\"itemListElement\":[{\"@type\":\"ListItem\",\"position\":1,\"name\":\"In\u00edcio\",\"item\":\"https:\/\/pinheiroscosmeticos.com.br\/blog\/\"},{\"@type\":\"ListItem\",\"position\":2,\"name\":\"Tend\u00eancia de cortes para o Inverno 2018\"}]},{\"@type\":\"WebSite\",\"@id\":\"https:\/\/pinheiroscosmeticos.com.br\/blog\/#website\",\"url\":\"https:\/\/pinheiroscosmeticos.com.br\/blog\/\",\"name\":\"Pinheiros Cosm\u00e9ticos Blog\",\"description\":\"Blog Oficial\",\"potentialAction\":[{\"@type\":\"SearchAction\",\"target\":{\"@type\":\"EntryPoint\",\"urlTemplate\":\"https:\/\/pinheiroscosmeticos.com.br\/blog\/?s={search_term_string}\"},\"query-input\":\"required name=search_term_string\"}],\"inLanguage\":\"pt-BR\"},{\"@type\":\"Person\",\"@id\":\"https:\/\/pinheiroscosmeticos.com.br\/blog\/#\/schema\/person\/8a6c965f731e6683d1a22944c15bb130\",\"name\":\"dBriefing\",\"image\":{\"@type\":\"ImageObject\",\"inLanguage\":\"pt-BR\",\"@id\":\"https:\/\/pinheiroscosmeticos.com.br\/blog\/#\/schema\/person\/image\/\",\"url\":\"https:\/\/secure.gravatar.com\/avatar\/2a5ab9ddec46cad63aeb0075ab70d944?s=96&d=mm&r=g\",\"contentUrl\":\"https:\/\/secure.gravatar.com\/avatar\/2a5ab9ddec46cad63aeb0075ab70d944?s=96&d=mm&r=g\",\"caption\":\"dBriefing\"}}]}<\/script>\n<!-- \/ Yoast SEO plugin. -->","yoast_head_json":{"title":"Tend\u00eancia de cortes para o Inverno 2018 - Pinheiros Cosm\u00e9ticos Blog","description":"Cortes para o inverno, est\u00e1 preparada? Aposte nos cortes mais leves e pr\u00e1ticos para essa esta\u00e7\u00e3o do ano. Confira nossas dicas:","robots":{"index":"index","follow":"follow","max-snippet":"max-snippet:-1","max-image-preview":"max-image-preview:large","max-video-preview":"max-video-preview:-1"},"canonical":"https:\/\/pinheiroscosmeticos.com.br\/blog\/2018\/07\/13\/tendencia-de-cortes-para-o-inverno-2018\/","og_locale":"pt_BR","og_type":"article","og_title":"Tend\u00eancia de cortes para o Inverno 2018 - Pinheiros Cosm\u00e9ticos Blog","og_description":"Cortes para o inverno, est\u00e1 preparada? Aposte nos cortes mais leves e pr\u00e1ticos para essa esta\u00e7\u00e3o do ano. Confira nossas dicas:","og_url":"https:\/\/pinheiroscosmeticos.com.br\/blog\/2018\/07\/13\/tendencia-de-cortes-para-o-inverno-2018\/","og_site_name":"Pinheiros Cosm\u00e9ticos","article_publisher":"https:\/\/www.facebook.com\/pinheiroscosmeticos\/","article_published_time":"2018-07-13T17:10:50+00:00","article_modified_time":"2020-01-06T17:09:09+00:00","og_image":[{"width":1024,"height":512,"url":"https:\/\/pinheiroscosmeticos.com.br\/blog\/wp-content\/uploads\/2018\/07\/12-07.png","type":"image\/png"}],"author":"dBriefing","twitter_card":"summary_large_image","twitter_misc":{"Escrito por":"dBriefing","Est. tempo de leitura":"3 minutos"},"schema":{"@context":"https:\/\/schema.org","@graph":[{"@type":"WebPage","@id":"https:\/\/pinheiroscosmeticos.com.br\/blog\/2018\/07\/13\/tendencia-de-cortes-para-o-inverno-2018\/","url":"https:\/\/pinheiroscosmeticos.com.br\/blog\/2018\/07\/13\/tendencia-de-cortes-para-o-inverno-2018\/","name":"Tend\u00eancia de cortes para o Inverno 2018 - Pinheiros Cosm\u00e9ticos Blog","isPartOf":{"@id":"https:\/\/pinheiroscosmeticos.com.br\/blog\/#website"},"datePublished":"2018-07-13T17:10:50+00:00","dateModified":"2020-01-06T17:09:09+00:00","author":{"@id":"https:\/\/pinheiroscosmeticos.com.br\/blog\/#\/schema\/person\/8a6c965f731e6683d1a22944c15bb130"},"description":"Cortes para o inverno, est\u00e1 preparada? Aposte nos cortes mais leves e pr\u00e1ticos para essa esta\u00e7\u00e3o do ano. Confira nossas dicas:","breadcrumb":{"@id":"https:\/\/pinheiroscosmeticos.com.br\/blog\/2018\/07\/13\/tendencia-de-cortes-para-o-inverno-2018\/#breadcrumb"},"inLanguage":"pt-BR","potentialAction":[{"@type":"ReadAction","target":["https:\/\/pinheiroscosmeticos.com.br\/blog\/2018\/07\/13\/tendencia-de-cortes-para-o-inverno-2018\/"]}]},{"@type":"BreadcrumbList","@id":"https:\/\/pinheiroscosmeticos.com.br\/blog\/2018\/07\/13\/tendencia-de-cortes-para-o-inverno-2018\/#breadcrumb","itemListElement":[{"@type":"ListItem","position":1,"name":"In\u00edcio","item":"https:\/\/pinheiroscosmeticos.com.br\/blog\/"},{"@type":"ListItem","position":2,"name":"Tend\u00eancia de cortes para o Inverno 2018"}]},{"@type":"WebSite","@id":"https:\/\/pinheiroscosmeticos.com.br\/blog\/#website","url":"https:\/\/pinheiroscosmeticos.com.br\/blog\/","name":"Pinheiros Cosm\u00e9ticos Blog","description":"Blog Oficial","potentialAction":[{"@type":"SearchAction","target":{"@type":"EntryPoint","urlTemplate":"https:\/\/pinheiroscosmeticos.com.br\/blog\/?s={search_term_string}"},"query-input":"required name=search_term_string"}],"inLanguage":"pt-BR"},{"@type":"Person","@id":"https:\/\/pinheiroscosmeticos.com.br\/blog\/#\/schema\/person\/8a6c965f731e6683d1a22944c15bb130","name":"dBriefing","image":{"@type":"ImageObject","inLanguage":"pt-BR","@id":"https:\/\/pinheiroscosmeticos.com.br\/blog\/#\/schema\/person\/image\/","url":"https:\/\/secure.gravatar.com\/avatar\/2a5ab9ddec46cad63aeb0075ab70d944?s=96&d=mm&r=g","contentUrl":"https:\/\/secure.gravatar.com\/avatar\/2a5ab9ddec46cad63aeb0075ab70d944?s=96&d=mm&r=g","caption":"dBriefing"}}]}},"_links":{"self":[{"href":"https:\/\/pinheiroscosmeticos.com.br\/blog\/wp-json\/wp\/v2\/posts\/34"}],"collection":[{"href":"https:\/\/pinheiroscosmeticos.com.br\/blog\/wp-json\/wp\/v2\/posts"}],"about":[{"href":"https:\/\/pinheiroscosmeticos.com.br\/blog\/wp-json\/wp\/v2\/types\/post"}],"author":[{"embeddable":true,"href":"https:\/\/pinheiroscosmeticos.com.br\/blog\/wp-json\/wp\/v2\/users\/1"}],"replies":[{"embeddable":true,"href":"https:\/\/pinheiroscosmeticos.com.br\/blog\/wp-json\/wp\/v2\/comments?post=34"}],"version-history":[{"count":4,"href":"https:\/\/pinheiroscosmeticos.com.br\/blog\/wp-json\/wp\/v2\/posts\/34\/revisions"}],"predecessor-version":[{"id":1228,"href":"https:\/\/pinheiroscosmeticos.com.br\/blog\/wp-json\/wp\/v2\/posts\/34\/revisions\/1228"}],"wp:featuredmedia":[{"embeddable":true,"href":"https:\/\/pinheiroscosmeticos.com.br\/blog\/wp-json\/wp\/v2\/media\/35"}],"wp:attachment":[{"href":"https:\/\/pinheiroscosmeticos.com.br\/blog\/wp-json\/wp\/v2\/media?parent=34"}],"wp:term":[{"taxonomy":"category","embeddable":true,"href":"https:\/\/pinheiroscosmeticos.com.br\/blog\/wp-json\/wp\/v2\/categories?post=34"},{"taxonomy":"post_tag","embeddable":true,"href":"https:\/\/pinheiroscosmeticos.com.br\/blog\/wp-json\/wp\/v2\/tags?post=34"}],"curies":[{"name":"wp","href":"https:\/\/api.w.org\/{rel}","templated":true}]}}