{"id":42,"date":"2018-07-27T12:57:15","date_gmt":"2018-07-27T12:57:15","guid":{"rendered":"http:\/\/pinheiroscosmeticos.com.br\/blog\/?p=42"},"modified":"2020-01-06T17:14:56","modified_gmt":"2020-01-06T17:14:56","slug":"como-disfarcar-as-olheiras","status":"publish","type":"post","link":"https:\/\/pinheiroscosmeticos.com.br\/blog\/2018\/07\/27\/como-disfarcar-as-olheiras\/","title":{"rendered":"Como disfar\u00e7ar as olheiras?"},"content":{"rendered":"<h1 class=\"p1\"><span class=\"s1\"><b>Ao usar os produtos certos, voc\u00ea n\u00e3o ter\u00e1 mais problemas com a camuflagem das olheiras.<\/b><\/span><\/h1>\n<p class=\"p2\"><span class=\"s1\">Sabe aqueles c\u00edrculos escuros que se formam embaixo dos olhos? Sim, as nossas olheiras. Essas marquinhas, que quase nunca conseguimos evitar, passam uma imagem cansada e n\u00e3o favorecem em nada. A boa not\u00edcia \u00e9 que, com certos produtos, n\u00f3s conseguimos a camuflagem das olheiras.<\/span><\/p>\n<p><!--more--><\/p>\n<h2><b><\/b><span class=\"s2\"><b>Protetor Solar<\/b><\/span><\/h2>\n<p class=\"p2\"><span class=\"s1\">A pele embaixo dos nossos olhos tem uma espessura de cinco cent\u00e9simos de mil\u00edmetro, ou seja, \u00e9 bem delicada. Portanto, o protetor solar \u00e9 uma \u00f3tima alternativa para evitar a evid\u00eancia da pigmenta\u00e7\u00e3o nessa \u00e1rea e na preven\u00e7\u00e3o de olheiras.<\/span><\/p>\n<h2><b><\/b><span class=\"s2\"><b>Creme para os olhos<\/b><\/span><\/h2>\n<p class=\"p2\"><span class=\"s1\">Esse \u00e9 um cuidado que muitas pessoas n\u00e3o d\u00e3o aten\u00e7\u00e3o. Produtos espec\u00edficos para essa regi\u00e3o, especialmente os que s\u00e3o ricos em vitamina A, s\u00e3o os grandes her\u00f3is na luta pela preven\u00e7\u00e3o de olheiras. Mas cuidado, escolha cremes com baixa concentra\u00e7\u00e3o de retinoicos, pois em excesso eles podem favorecer o aparecimento de manchas.<\/span><\/p>\n<h2><b><\/b><span class=\"s2\"><b>Demaquilantes oleosos<\/b><\/span><\/h2>\n<p class=\"p2\"><span class=\"s1\">Com mais \u00f3leo em sua composi\u00e7\u00e3o eles evitam o atrito na hora de fazer a limpeza da pele. Isso \u00e9 de extrema import\u00e2ncia porque aquele esfrega-esfrega intenso pode acabar piorando as manchas. Por isso, procure pelos demaquilantes bif\u00e1sicos.<\/span><\/p>\n<h2><b><\/b><span class=\"s2\"><b>\u00c1gua Fria<\/b><\/span><\/h2>\n<p class=\"p2\"><span class=\"s1\">A \u00e1gua fria acalma a pele, ajuda a fechar os poros e n\u00e3o estimula as olheiras, aspectos muito importantes na preven\u00e7\u00e3o de olheiras. J\u00e1 a \u00e1gua quente provoca totalmente o contr\u00e1rio, por isso, corra dessa op\u00e7\u00e3o! <\/span><\/p>\n<h2><span class=\"s2\"><b>Corretivo s\u00f3lido e cremoso<\/b><\/span><\/h2>\n<p class=\"p7\"><span class=\"s1\">Chegamos na nossa fiel companheira: a maquiagem. Come\u00e7aremos com os corretivos que, al\u00e9m de serem algo mais imediato, tamb\u00e9m s\u00e3o bem eficientes, especialmente os de bast\u00e3o, pois t\u00eam uma boa cobertura e n\u00e3o saem com facilidade. <\/span><\/p>\n<p class=\"p7\"><span class=\"s1\">A escolha da cor certa do corretivo \u00e9 muito importante. Por isso, procure por aqueles que se assemelham mais a cor da sua pele, no m\u00e1ximo um tom abaixo. Temos no mercado os corretivos coloridos que s\u00e3o indicados para situa\u00e7\u00f5es espec\u00edficas:<\/span><\/p>\n<ul class=\"ul1\">\n<li style=\"list-style-type: none;\">\n<ul class=\"ul1\">\n<li class=\"li4\"><span class=\"s2\">Verde: \u00e9 bom para olheiras acentuadas de tom roxo;<\/span><\/li>\n<\/ul>\n<\/li>\n<\/ul>\n<ul class=\"ul1\">\n<li style=\"list-style-type: none;\">\n<ul class=\"ul1\">\n<li class=\"li4\"><span class=\"s2\">Amarelo: essa \u00e9 a cor certa do corretivo para pessoas de pele mais clara e disfar\u00e7a manchas de tom escuro;<\/span><\/li>\n<\/ul>\n<\/li>\n<\/ul>\n<ul class=\"ul1\">\n<li style=\"list-style-type: none;\">\n<ul class=\"ul1\">\n<li class=\"li4\"><span class=\"s2\">Roxo: \u00e9 indicado para camuflar tons amarronzados;<\/span><\/li>\n<\/ul>\n<\/li>\n<\/ul>\n<ul class=\"ul1\">\n<li class=\"li4\"><span class=\"s2\">Laranja neutraliza olheiras em tons azuis e \u00e9 a cor certa do corretivo para peles mais escuras por oferecer uma cobertura maior.<\/span><\/li>\n<\/ul>\n<p class=\"p2\"><span class=\"s1\">Agora que voc\u00ea escolheu a cor certa do corretivo \u00e9 hora da aplica\u00e7\u00e3o. Aplicando bastante consigo uma boa cobertura? N\u00e3o, o suficiente. O ideal \u00e9 que voc\u00ea aplique camadas finas a partir das \u00e1reas mais escuras. E lembre-se de evitar passar muito rente aos c\u00edlios inferiores e cantos externos dos olhos, para n\u00e3o evidenciar poss\u00edveis imperfei\u00e7\u00f5es. <\/span><\/p>\n<p class=\"p2\"><span class=\"s1\">No entanto, os cantos internos pedem pela aplica\u00e7\u00e3o do produto para que voc\u00ea disfarce suas olheiras. Esfume o produto, espalhando at\u00e9 a borda do nariz, para que a cobertura fique natural. N\u00e3o se esque\u00e7a de usar o <a href=\"http:\/\/pinheiroscosmeticos.com.br\/blog\/2018\/07\/04\/o-pincel-correto-para-cada-produto\/\"><span class=\"s4\">pincel ideal para o seu produto<\/span><\/a>.<\/span><\/p>\n<h2><span class=\"s2\"><b>Sombras nude e brilhantes<\/b><\/span><\/h2>\n<p class=\"p2\"><span class=\"s1\">J\u00e1 ouviu falar que os truques de m\u00e1gica desviam a aten\u00e7\u00e3o para que a a\u00e7\u00e3o realmente aconte\u00e7a? Essa ser\u00e1 a fun\u00e7\u00e3o da sobra aqui na camuflagem das olheiras. Prefira sombras nude e com um leve brilho, mas em um tom mais escuro que o da sua pele.<\/span><\/p>\n<h2><b><\/b><span class=\"s2\"><b>Curvex<\/b><\/span><\/h2>\n<p class=\"p2\"><span class=\"s1\">Ainda com a ideia de criar outro foco, use o curvex nos c\u00edlios inferiores e superiores antes da m\u00e1scara de c\u00edlios. Se voc\u00ea \u00e9 algu\u00e9m mais habilidoso, por que n\u00e3o usar c\u00edlios posti\u00e7os?<\/span><\/p>\n<h2><b><\/b><span class=\"s2\"><b>L\u00e1pis claro na linha d\u2019\u00e1gua<\/b><\/span><\/h2>\n<p class=\"p2\"><span class=\"s1\">Para a camuflagem das olheiras, s\u00e3o indicados l\u00e1pis brancos ou bege. Por qu\u00ea? Al\u00e9m de abrir mais os olhos e deixa-los iluminados, a aten\u00e7\u00e3o sai instantaneamente das \u00e1reas escuras.<\/span><\/p>\n<p class=\"p2\"><span class=\"s1\">Gostou de conhecer essas formas de camuflagem e de preven\u00e7\u00e3o de olheiras? Conte para n\u00f3s qual delas foi mais eficaz para voc\u00ea.<\/span><\/p>\n<p>[rock-convert-pdf id=&#8221;42&#8243;]<\/p>\n","protected":false},"excerpt":{"rendered":"<p>Ao usar os produtos certos, voc\u00ea n\u00e3o ter\u00e1 mais problemas com a camuflagem das olheiras. Sabe aqueles c\u00edrculos escuros que se formam embaixo dos olhos? Sim, as nossas olheiras. Essas marquinhas, que quase nunca conseguimos evitar, passam uma imagem cansada e n\u00e3o favorecem em nada. A boa not\u00edcia \u00e9 que, com certos produtos, n\u00f3s conseguimos [&hellip;]<\/p>\n","protected":false},"author":1,"featured_media":46,"comment_status":"open","ping_status":"open","sticky":false,"template":"","format":"standard","meta":{"_mi_skip_tracking":false,"_exactmetrics_sitenote_active":false,"_exactmetrics_sitenote_note":"","_exactmetrics_sitenote_category":0},"categories":[1],"tags":[],"yoast_head":"<!-- This site is optimized with the Yoast SEO plugin v21.0 - https:\/\/yoast.com\/wordpress\/plugins\/seo\/ -->\n<title>Como disfar\u00e7ar as olheiras? - Pinheiros Cosm\u00e9ticos blog<\/title>\n<meta name=\"description\" content=\"Sabe aqueles c\u00edrculos escuros que se formam embaixo dos olhos? Sim, as nossas olheiras. Veja algumas pr\u00e1ticas f\u00e1ceis para disfar\u00e7\u00e1-las:\" \/>\n<meta name=\"robots\" content=\"index, follow, max-snippet:-1, max-image-preview:large, max-video-preview:-1\" \/>\n<link rel=\"canonical\" href=\"https:\/\/pinheiroscosmeticos.com.br\/blog\/2018\/07\/27\/como-disfarcar-as-olheiras\/\" \/>\n<meta property=\"og:locale\" content=\"pt_BR\" \/>\n<meta property=\"og:type\" content=\"article\" \/>\n<meta property=\"og:title\" content=\"Como disfar\u00e7ar as olheiras? - Pinheiros Cosm\u00e9ticos blog\" \/>\n<meta property=\"og:description\" content=\"Sabe aqueles c\u00edrculos escuros que se formam embaixo dos olhos? Sim, as nossas olheiras. Veja algumas pr\u00e1ticas f\u00e1ceis para disfar\u00e7\u00e1-las:\" \/>\n<meta property=\"og:url\" content=\"https:\/\/pinheiroscosmeticos.com.br\/blog\/2018\/07\/27\/como-disfarcar-as-olheiras\/\" \/>\n<meta property=\"og:site_name\" content=\"Pinheiros Cosm\u00e9ticos\" \/>\n<meta property=\"article:publisher\" content=\"https:\/\/www.facebook.com\/pinheiroscosmeticos\/\" \/>\n<meta property=\"article:published_time\" content=\"2018-07-27T12:57:15+00:00\" \/>\n<meta property=\"article:modified_time\" content=\"2020-01-06T17:14:56+00:00\" \/>\n<meta property=\"og:image\" content=\"https:\/\/pinheiroscosmeticos.com.br\/blog\/wp-content\/uploads\/2018\/07\/01.como-tratar-olheiras.jpg\" \/>\n\t<meta property=\"og:image:width\" content=\"751\" \/>\n\t<meta property=\"og:image:height\" content=\"470\" \/>\n\t<meta property=\"og:image:type\" content=\"image\/jpeg\" \/>\n<meta name=\"author\" content=\"dBriefing\" \/>\n<meta name=\"twitter:card\" content=\"summary_large_image\" \/>\n<meta name=\"twitter:label1\" content=\"Escrito por\" \/>\n\t<meta name=\"twitter:data1\" content=\"dBriefing\" \/>\n\t<meta name=\"twitter:label2\" content=\"Est. tempo de leitura\" \/>\n\t<meta name=\"twitter:data2\" content=\"3 minutos\" \/>\n<script type=\"application\/ld+json\" class=\"yoast-schema-graph\">{\"@context\":\"https:\/\/schema.org\",\"@graph\":[{\"@type\":\"WebPage\",\"@id\":\"https:\/\/pinheiroscosmeticos.com.br\/blog\/2018\/07\/27\/como-disfarcar-as-olheiras\/\",\"url\":\"https:\/\/pinheiroscosmeticos.com.br\/blog\/2018\/07\/27\/como-disfarcar-as-olheiras\/\",\"name\":\"Como disfar\u00e7ar as olheiras? - Pinheiros Cosm\u00e9ticos blog\",\"isPartOf\":{\"@id\":\"https:\/\/pinheiroscosmeticos.com.br\/blog\/#website\"},\"datePublished\":\"2018-07-27T12:57:15+00:00\",\"dateModified\":\"2020-01-06T17:14:56+00:00\",\"author\":{\"@id\":\"https:\/\/pinheiroscosmeticos.com.br\/blog\/#\/schema\/person\/8a6c965f731e6683d1a22944c15bb130\"},\"description\":\"Sabe aqueles c\u00edrculos escuros que se formam embaixo dos olhos? Sim, as nossas olheiras. Veja algumas pr\u00e1ticas f\u00e1ceis para disfar\u00e7\u00e1-las:\",\"breadcrumb\":{\"@id\":\"https:\/\/pinheiroscosmeticos.com.br\/blog\/2018\/07\/27\/como-disfarcar-as-olheiras\/#breadcrumb\"},\"inLanguage\":\"pt-BR\",\"potentialAction\":[{\"@type\":\"ReadAction\",\"target\":[\"https:\/\/pinheiroscosmeticos.com.br\/blog\/2018\/07\/27\/como-disfarcar-as-olheiras\/\"]}]},{\"@type\":\"BreadcrumbList\",\"@id\":\"https:\/\/pinheiroscosmeticos.com.br\/blog\/2018\/07\/27\/como-disfarcar-as-olheiras\/#breadcrumb\",\"itemListElement\":[{\"@type\":\"ListItem\",\"position\":1,\"name\":\"In\u00edcio\",\"item\":\"https:\/\/pinheiroscosmeticos.com.br\/blog\/\"},{\"@type\":\"ListItem\",\"position\":2,\"name\":\"Como disfar\u00e7ar as olheiras?\"}]},{\"@type\":\"WebSite\",\"@id\":\"https:\/\/pinheiroscosmeticos.com.br\/blog\/#website\",\"url\":\"https:\/\/pinheiroscosmeticos.com.br\/blog\/\",\"name\":\"Pinheiros Cosm\u00e9ticos Blog\",\"description\":\"Blog Oficial\",\"potentialAction\":[{\"@type\":\"SearchAction\",\"target\":{\"@type\":\"EntryPoint\",\"urlTemplate\":\"https:\/\/pinheiroscosmeticos.com.br\/blog\/?s={search_term_string}\"},\"query-input\":\"required name=search_term_string\"}],\"inLanguage\":\"pt-BR\"},{\"@type\":\"Person\",\"@id\":\"https:\/\/pinheiroscosmeticos.com.br\/blog\/#\/schema\/person\/8a6c965f731e6683d1a22944c15bb130\",\"name\":\"dBriefing\",\"image\":{\"@type\":\"ImageObject\",\"inLanguage\":\"pt-BR\",\"@id\":\"https:\/\/pinheiroscosmeticos.com.br\/blog\/#\/schema\/person\/image\/\",\"url\":\"https:\/\/secure.gravatar.com\/avatar\/2a5ab9ddec46cad63aeb0075ab70d944?s=96&d=mm&r=g\",\"contentUrl\":\"https:\/\/secure.gravatar.com\/avatar\/2a5ab9ddec46cad63aeb0075ab70d944?s=96&d=mm&r=g\",\"caption\":\"dBriefing\"}}]}<\/script>\n<!-- \/ Yoast SEO plugin. -->","yoast_head_json":{"title":"Como disfar\u00e7ar as olheiras? - Pinheiros Cosm\u00e9ticos blog","description":"Sabe aqueles c\u00edrculos escuros que se formam embaixo dos olhos? Sim, as nossas olheiras. Veja algumas pr\u00e1ticas f\u00e1ceis para disfar\u00e7\u00e1-las:","robots":{"index":"index","follow":"follow","max-snippet":"max-snippet:-1","max-image-preview":"max-image-preview:large","max-video-preview":"max-video-preview:-1"},"canonical":"https:\/\/pinheiroscosmeticos.com.br\/blog\/2018\/07\/27\/como-disfarcar-as-olheiras\/","og_locale":"pt_BR","og_type":"article","og_title":"Como disfar\u00e7ar as olheiras? - Pinheiros Cosm\u00e9ticos blog","og_description":"Sabe aqueles c\u00edrculos escuros que se formam embaixo dos olhos? Sim, as nossas olheiras. Veja algumas pr\u00e1ticas f\u00e1ceis para disfar\u00e7\u00e1-las:","og_url":"https:\/\/pinheiroscosmeticos.com.br\/blog\/2018\/07\/27\/como-disfarcar-as-olheiras\/","og_site_name":"Pinheiros Cosm\u00e9ticos","article_publisher":"https:\/\/www.facebook.com\/pinheiroscosmeticos\/","article_published_time":"2018-07-27T12:57:15+00:00","article_modified_time":"2020-01-06T17:14:56+00:00","og_image":[{"width":751,"height":470,"url":"https:\/\/pinheiroscosmeticos.com.br\/blog\/wp-content\/uploads\/2018\/07\/01.como-tratar-olheiras.jpg","type":"image\/jpeg"}],"author":"dBriefing","twitter_card":"summary_large_image","twitter_misc":{"Escrito por":"dBriefing","Est. tempo de leitura":"3 minutos"},"schema":{"@context":"https:\/\/schema.org","@graph":[{"@type":"WebPage","@id":"https:\/\/pinheiroscosmeticos.com.br\/blog\/2018\/07\/27\/como-disfarcar-as-olheiras\/","url":"https:\/\/pinheiroscosmeticos.com.br\/blog\/2018\/07\/27\/como-disfarcar-as-olheiras\/","name":"Como disfar\u00e7ar as olheiras? - Pinheiros Cosm\u00e9ticos blog","isPartOf":{"@id":"https:\/\/pinheiroscosmeticos.com.br\/blog\/#website"},"datePublished":"2018-07-27T12:57:15+00:00","dateModified":"2020-01-06T17:14:56+00:00","author":{"@id":"https:\/\/pinheiroscosmeticos.com.br\/blog\/#\/schema\/person\/8a6c965f731e6683d1a22944c15bb130"},"description":"Sabe aqueles c\u00edrculos escuros que se formam embaixo dos olhos? Sim, as nossas olheiras. Veja algumas pr\u00e1ticas f\u00e1ceis para disfar\u00e7\u00e1-las:","breadcrumb":{"@id":"https:\/\/pinheiroscosmeticos.com.br\/blog\/2018\/07\/27\/como-disfarcar-as-olheiras\/#breadcrumb"},"inLanguage":"pt-BR","potentialAction":[{"@type":"ReadAction","target":["https:\/\/pinheiroscosmeticos.com.br\/blog\/2018\/07\/27\/como-disfarcar-as-olheiras\/"]}]},{"@type":"BreadcrumbList","@id":"https:\/\/pinheiroscosmeticos.com.br\/blog\/2018\/07\/27\/como-disfarcar-as-olheiras\/#breadcrumb","itemListElement":[{"@type":"ListItem","position":1,"name":"In\u00edcio","item":"https:\/\/pinheiroscosmeticos.com.br\/blog\/"},{"@type":"ListItem","position":2,"name":"Como disfar\u00e7ar as olheiras?"}]},{"@type":"WebSite","@id":"https:\/\/pinheiroscosmeticos.com.br\/blog\/#website","url":"https:\/\/pinheiroscosmeticos.com.br\/blog\/","name":"Pinheiros Cosm\u00e9ticos Blog","description":"Blog Oficial","potentialAction":[{"@type":"SearchAction","target":{"@type":"EntryPoint","urlTemplate":"https:\/\/pinheiroscosmeticos.com.br\/blog\/?s={search_term_string}"},"query-input":"required name=search_term_string"}],"inLanguage":"pt-BR"},{"@type":"Person","@id":"https:\/\/pinheiroscosmeticos.com.br\/blog\/#\/schema\/person\/8a6c965f731e6683d1a22944c15bb130","name":"dBriefing","image":{"@type":"ImageObject","inLanguage":"pt-BR","@id":"https:\/\/pinheiroscosmeticos.com.br\/blog\/#\/schema\/person\/image\/","url":"https:\/\/secure.gravatar.com\/avatar\/2a5ab9ddec46cad63aeb0075ab70d944?s=96&d=mm&r=g","contentUrl":"https:\/\/secure.gravatar.com\/avatar\/2a5ab9ddec46cad63aeb0075ab70d944?s=96&d=mm&r=g","caption":"dBriefing"}}]}},"_links":{"self":[{"href":"https:\/\/pinheiroscosmeticos.com.br\/blog\/wp-json\/wp\/v2\/posts\/42"}],"collection":[{"href":"https:\/\/pinheiroscosmeticos.com.br\/blog\/wp-json\/wp\/v2\/posts"}],"about":[{"href":"https:\/\/pinheiroscosmeticos.com.br\/blog\/wp-json\/wp\/v2\/types\/post"}],"author":[{"embeddable":true,"href":"https:\/\/pinheiroscosmeticos.com.br\/blog\/wp-json\/wp\/v2\/users\/1"}],"replies":[{"embeddable":true,"href":"https:\/\/pinheiroscosmeticos.com.br\/blog\/wp-json\/wp\/v2\/comments?post=42"}],"version-history":[{"count":3,"href":"https:\/\/pinheiroscosmeticos.com.br\/blog\/wp-json\/wp\/v2\/posts\/42\/revisions"}],"predecessor-version":[{"id":1240,"href":"https:\/\/pinheiroscosmeticos.com.br\/blog\/wp-json\/wp\/v2\/posts\/42\/revisions\/1240"}],"wp:featuredmedia":[{"embeddable":true,"href":"https:\/\/pinheiroscosmeticos.com.br\/blog\/wp-json\/wp\/v2\/media\/46"}],"wp:attachment":[{"href":"https:\/\/pinheiroscosmeticos.com.br\/blog\/wp-json\/wp\/v2\/media?parent=42"}],"wp:term":[{"taxonomy":"category","embeddable":true,"href":"https:\/\/pinheiroscosmeticos.com.br\/blog\/wp-json\/wp\/v2\/categories?post=42"},{"taxonomy":"post_tag","embeddable":true,"href":"https:\/\/pinheiroscosmeticos.com.br\/blog\/wp-json\/wp\/v2\/tags?post=42"}],"curies":[{"name":"wp","href":"https:\/\/api.w.org\/{rel}","templated":true}]}}