{"id":56,"date":"2018-08-24T16:38:24","date_gmt":"2018-08-24T16:38:24","guid":{"rendered":"http:\/\/pinheiroscosmeticos.com.br\/blog\/?p=56"},"modified":"2020-01-06T17:24:05","modified_gmt":"2020-01-06T17:24:05","slug":"vma-2018-as-melhores-makes-da-premiacao","status":"publish","type":"post","link":"https:\/\/pinheiroscosmeticos.com.br\/blog\/2018\/08\/24\/vma-2018-as-melhores-makes-da-premiacao\/","title":{"rendered":"VMA 2018: As Melhores Makes da Premia\u00e7\u00e3o"},"content":{"rendered":"<h2><strong>Inspire-se nas melhores produ\u00e7\u00f5es do VMA 2018<\/strong><\/h2>\n<p>O <strong>VMA 2018<\/strong>, <em>Video Music Awards<\/em>, que prestigia os melhores nomes no mundo da m\u00fasica, aconteceu na \u00faltima segunda-feira (20). Mas n\u00e3o s\u00e3o apenas os ganhadores que chamaram a aten\u00e7\u00e3o, senhoras e senhores. A 35\u00aa edi\u00e7\u00e3o da premia\u00e7\u00e3o foi marcada por makes incr\u00edveis e que podem servir de inspira\u00e7\u00e3o para sua produ\u00e7\u00e3o de final de semana. Confira nossas seis favoritas:<\/p>\n<figure id=\"attachment_57\" class=\"thumbnail wp-caption aligncenter\" style=\"width: 490px\"><img decoding=\"async\" loading=\"lazy\" class=\"wp-image-57 size-full\" src=\"http:\/\/pinheiroscosmeticos.com.br\/blog\/wp-content\/uploads\/2018\/08\/vma1.jpg\" alt=\"VMA 2018 Melhores Makes\" width=\"480\" height=\"722\" srcset=\"https:\/\/pinheiroscosmeticos.com.br\/blog\/wp-content\/uploads\/2018\/08\/vma1.jpg 480w, https:\/\/pinheiroscosmeticos.com.br\/blog\/wp-content\/uploads\/2018\/08\/vma1-199x300.jpg 199w\" sizes=\"(max-width: 480px) 100vw, 480px\" \/><figcaption class=\"caption wp-caption-text\">VMA 2018 &#8211; Kylie Jenner<\/figcaption><\/figure>\n<ol>\n<li>\n<h3><strong>Kylie Jenner<\/strong><\/h3>\n<\/li>\n<\/ol>\n<p>Nessa produ\u00e7\u00e3o, a empres\u00e1ria preferiu uma maquiagem mais clean e cl\u00e1ssica com uma <strong>pele matte e um blush marcado<\/strong>. O uso do coque refor\u00e7ou ainda mais o estilo escolhido por Jenner.<\/p>\n<p>Na maquiagem, o foco foi direcionado para as sobrancelhas bem marcadas e os c\u00edlios alongados. Para completar, uma sombra caramelo bem esfumada e um batom nude malva acinzentado.<\/p>\n<figure id=\"attachment_58\" class=\"thumbnail wp-caption aligncenter\" style=\"width: 736px\"><img decoding=\"async\" loading=\"lazy\" class=\"wp-image-58 size-full\" src=\"http:\/\/pinheiroscosmeticos.com.br\/blog\/wp-content\/uploads\/2018\/08\/Shay_20Mitchell.jpg\" alt=\"VMA-2018-Shay-Mitchell\" width=\"726\" height=\"727\" srcset=\"https:\/\/pinheiroscosmeticos.com.br\/blog\/wp-content\/uploads\/2018\/08\/Shay_20Mitchell.jpg 726w, https:\/\/pinheiroscosmeticos.com.br\/blog\/wp-content\/uploads\/2018\/08\/Shay_20Mitchell-150x150.jpg 150w, https:\/\/pinheiroscosmeticos.com.br\/blog\/wp-content\/uploads\/2018\/08\/Shay_20Mitchell-300x300.jpg 300w, https:\/\/pinheiroscosmeticos.com.br\/blog\/wp-content\/uploads\/2018\/08\/Shay_20Mitchell-60x60.jpg 60w\" sizes=\"(max-width: 726px) 100vw, 726px\" \/><figcaption class=\"caption wp-caption-text\">VMA-2018-Shay-Mitchell<\/figcaption><\/figure>\n<ol start=\"2\">\n<li>\n<h3><strong>Shay Mitchel<\/strong><\/h3>\n<\/li>\n<\/ol>\n<p>Com Shay Mitchel, a passarela do <strong>VMA 2018<\/strong> foi abalada por toda a for\u00e7a do look da mo\u00e7a. A atriz preferiu valorizar a sua pele com o uso de tons terrosos, uma marca\u00e7\u00e3o forte e um belo gloss nos l\u00e1bios.<\/p>\n<figure id=\"attachment_59\" class=\"thumbnail wp-caption aligncenter\" style=\"width: 737px\"><img decoding=\"async\" loading=\"lazy\" class=\"wp-image-59 size-full\" src=\"http:\/\/pinheiroscosmeticos.com.br\/blog\/wp-content\/uploads\/2018\/08\/Cardi_20B.jpg\" alt=\"VMA-2018-Cardi-B\" width=\"727\" height=\"727\" srcset=\"https:\/\/pinheiroscosmeticos.com.br\/blog\/wp-content\/uploads\/2018\/08\/Cardi_20B.jpg 727w, https:\/\/pinheiroscosmeticos.com.br\/blog\/wp-content\/uploads\/2018\/08\/Cardi_20B-150x150.jpg 150w, https:\/\/pinheiroscosmeticos.com.br\/blog\/wp-content\/uploads\/2018\/08\/Cardi_20B-300x300.jpg 300w, https:\/\/pinheiroscosmeticos.com.br\/blog\/wp-content\/uploads\/2018\/08\/Cardi_20B-60x60.jpg 60w\" sizes=\"(max-width: 727px) 100vw, 727px\" \/><figcaption class=\"caption wp-caption-text\">VMA-2018-Cardi-B<\/figcaption><\/figure>\n<ol start=\"3\">\n<li>\n<h3><strong>Cardi B<\/strong><\/h3>\n<\/li>\n<\/ol>\n<p>Sem d\u00favida, uma das makes mais lindas da noite. Sem medo das cores, Cardi B apostou em tons de dourado e roxo para a sombra e complementou com um belo delineado gatinho.<\/p>\n<p>A pele matte e o boc\u00e3o, num tom roxo clarinho, refor\u00e7aram mais ainda o poder dessa produ\u00e7\u00e3o. Para quem n\u00e3o sabe, essa participa\u00e7\u00e3o no <strong>VMA 2018<\/strong> foi sua primeira apari\u00e7\u00e3o p\u00fablica ap\u00f3s dar \u00e0 luz Kulture Kiari.<\/p>\n<figure id=\"attachment_60\" class=\"thumbnail wp-caption aligncenter\" style=\"width: 736px\"><img decoding=\"async\" loading=\"lazy\" class=\"wp-image-60 size-full\" src=\"http:\/\/pinheiroscosmeticos.com.br\/blog\/wp-content\/uploads\/2018\/08\/Jennifer_20Lopez.jpg\" alt=\"VMA-2018-Jennifer-Lopez\" width=\"726\" height=\"727\" srcset=\"https:\/\/pinheiroscosmeticos.com.br\/blog\/wp-content\/uploads\/2018\/08\/Jennifer_20Lopez.jpg 726w, https:\/\/pinheiroscosmeticos.com.br\/blog\/wp-content\/uploads\/2018\/08\/Jennifer_20Lopez-150x150.jpg 150w, https:\/\/pinheiroscosmeticos.com.br\/blog\/wp-content\/uploads\/2018\/08\/Jennifer_20Lopez-300x300.jpg 300w, https:\/\/pinheiroscosmeticos.com.br\/blog\/wp-content\/uploads\/2018\/08\/Jennifer_20Lopez-60x60.jpg 60w\" sizes=\"(max-width: 726px) 100vw, 726px\" \/><figcaption class=\"caption wp-caption-text\">VMA-2018-Jennifer-Lopez<\/figcaption><\/figure>\n<ol start=\"4\">\n<li>\n<h3><strong>Jennifer Lopez<\/strong><\/h3>\n<\/li>\n<\/ol>\n<p>Se tiv\u00e9ssemos que definir a make da diva latina em uma palavra, ela seria: iluminada. A pele com pontos concentrados de luz trabalha muito bem em conjunto com uma sombra dourad\u00edssima, c\u00edlios poderosos e um belo gloss. O \u00fanico problema dessa make \u00e9 o contorno carregado que n\u00e3o condiz muito bem com a proposta da produ\u00e7\u00e3o.<\/p>\n<p>Jennifer Lopez, nesse ano, recebeu o pr\u00eamio honor\u00e1rio Michael Jackson Video Vanguard Award em homenagem a sua incr\u00edvel carreira.<\/p>\n<figure id=\"attachment_62\" class=\"thumbnail wp-caption aligncenter\" style=\"width: 658px\"><img decoding=\"async\" loading=\"lazy\" class=\"wp-image-62 size-large\" src=\"http:\/\/pinheiroscosmeticos.com.br\/blog\/wp-content\/uploads\/2018\/08\/Amara-La-Negra-vmas-2018-2-1024x910.jpg\" alt=\"VMA 2018 Amara La Negra\" width=\"648\" height=\"576\" srcset=\"https:\/\/pinheiroscosmeticos.com.br\/blog\/wp-content\/uploads\/2018\/08\/Amara-La-Negra-vmas-2018-2-1024x910.jpg 1024w, https:\/\/pinheiroscosmeticos.com.br\/blog\/wp-content\/uploads\/2018\/08\/Amara-La-Negra-vmas-2018-2-300x267.jpg 300w, https:\/\/pinheiroscosmeticos.com.br\/blog\/wp-content\/uploads\/2018\/08\/Amara-La-Negra-vmas-2018-2-768x682.jpg 768w, https:\/\/pinheiroscosmeticos.com.br\/blog\/wp-content\/uploads\/2018\/08\/Amara-La-Negra-vmas-2018-2.jpg 1800w\" sizes=\"(max-width: 648px) 100vw, 648px\" \/><figcaption class=\"caption wp-caption-text\">VMA 2018 Amara La Negra<\/figcaption><\/figure>\n<ol start=\"5\">\n<li>\n<h3><strong>Amara La Negra<\/strong><\/h3>\n<\/li>\n<\/ol>\n<p>Quando voc\u00ea acha que a cantora n\u00e3o poderia ficar mais linda, ela chega no pink carpet do <strong>VMA 2018<\/strong> com uma make que mostra que sempre h\u00e1 como valorizar a beleza.<\/p>\n<p>O olh\u00e3o com preto esfumado e iluminado intenso nos cantos hipnotiza qualquer um. Os c\u00edlios, bem valorizados, s\u00f3 aumentam o poder do olhar de Amara. A \u00fanica cr\u00edtica a make \u00e9 o blush rosado, que seria melhor com um tom terroso.<\/p>\n<figure id=\"attachment_61\" class=\"thumbnail wp-caption aligncenter\" style=\"width: 658px\"><a href=\"http:\/\/https:\/\/capricho.abril.com.br\/famosos\/camila-cabello-ganhou-o-principal-premio-do-vma-2018-veja-lista-completa\/\"><img decoding=\"async\" loading=\"lazy\" class=\"wp-image-61 size-large\" src=\"http:\/\/pinheiroscosmeticos.com.br\/blog\/wp-content\/uploads\/2018\/08\/Camila-Cabello-vmas-2018-971x1024.jpg\" alt=\"VMA-2018-Camila-Cabello\" width=\"648\" height=\"683\" srcset=\"https:\/\/pinheiroscosmeticos.com.br\/blog\/wp-content\/uploads\/2018\/08\/Camila-Cabello-vmas-2018-971x1024.jpg 971w, https:\/\/pinheiroscosmeticos.com.br\/blog\/wp-content\/uploads\/2018\/08\/Camila-Cabello-vmas-2018-285x300.jpg 285w, https:\/\/pinheiroscosmeticos.com.br\/blog\/wp-content\/uploads\/2018\/08\/Camila-Cabello-vmas-2018-768x810.jpg 768w, https:\/\/pinheiroscosmeticos.com.br\/blog\/wp-content\/uploads\/2018\/08\/Camila-Cabello-vmas-2018.jpg 1707w\" sizes=\"(max-width: 648px) 100vw, 648px\" \/><\/a><figcaption class=\"caption wp-caption-text\">VMA-2018-Camila-Cabello<\/figcaption><\/figure>\n<ol start=\"6\">\n<li>\n<h3><strong>Camila Rabello<\/strong><\/h3>\n<\/li>\n<\/ol>\n<p>\u00c9 a vez da princesinha latina que nos encanta com sua voz e sua beleza. O nosso foco aqui s\u00e3o as maquiagens, mas podemos parar para elogiar esse cabelo? Franjinha nunca caiu t\u00e3o bem em algu\u00e9m quanto na cantora.<\/p>\n<p>De volta ao que realmente interessa. A diva apostou num visual retr\u00f4 com um\u00a0<strong>olhar com um delineado esfumado<\/strong>, c\u00edlios dram\u00e1ticos e um discreto\u00a0<strong>esfumado por todo o c\u00f4ncavo.<\/strong>A cereja do bolo foi o batom\u00a0<strong>vermelho intenso<\/strong>\u00a0cremoso que criou um bel\u00edssimo contraste com a pele da mo\u00e7a.<\/p>\n<p>Qual foi a sua produ\u00e7\u00e3o favorita? Tentaria alguma delas? Conte-nos aqui embaixo. N\u00e3o esque\u00e7a de ler um pouco sobre o ponto de partida para qualquer maquiagem: <a href=\"http:\/\/pinheiroscosmeticos.com.br\/blog\/2018\/07\/19\/3-dicas-de-preparacao-de-pele-para-receber-a-maquiagem\/\">a prepara\u00e7\u00e3o da pele<\/a>.<\/p>\n<p>[rock-convert-pdf id=&#8221;56&#8243;]<\/p>\n","protected":false},"excerpt":{"rendered":"<p>Inspire-se nas melhores produ\u00e7\u00f5es do VMA 2018 O VMA 2018, Video Music Awards, que prestigia os melhores nomes no mundo da m\u00fasica, aconteceu na \u00faltima segunda-feira (20). Mas n\u00e3o s\u00e3o apenas os ganhadores que chamaram a aten\u00e7\u00e3o, senhoras e senhores. A 35\u00aa edi\u00e7\u00e3o da premia\u00e7\u00e3o foi marcada por makes incr\u00edveis e que podem servir de [&hellip;]<\/p>\n","protected":false},"author":1,"featured_media":65,"comment_status":"open","ping_status":"open","sticky":false,"template":"","format":"standard","meta":{"_mi_skip_tracking":false,"_exactmetrics_sitenote_active":false,"_exactmetrics_sitenote_note":"","_exactmetrics_sitenote_category":0},"categories":[3],"tags":[4,7,5,8,6],"yoast_head":"<!-- This site is optimized with the Yoast SEO plugin v21.0 - https:\/\/yoast.com\/wordpress\/plugins\/seo\/ -->\n<title>VMA 2018: As Melhores Makes da Premia\u00e7\u00e3o - Pinheiros Cosm\u00e9ticos<\/title>\n<meta name=\"description\" content=\"A 35\u00aa edi\u00e7\u00e3o do VMA 2018 foi marcada por makes incr\u00edveis e que podem servir de inspira\u00e7\u00e3o para sua produ\u00e7\u00e3o de final de semana. Veja agora nossas favoritas!\" \/>\n<meta name=\"robots\" content=\"index, follow, max-snippet:-1, max-image-preview:large, max-video-preview:-1\" \/>\n<link rel=\"canonical\" href=\"https:\/\/pinheiroscosmeticos.com.br\/blog\/2018\/08\/24\/vma-2018-as-melhores-makes-da-premiacao\/\" \/>\n<meta property=\"og:locale\" content=\"pt_BR\" \/>\n<meta property=\"og:type\" content=\"article\" \/>\n<meta property=\"og:title\" content=\"VMA 2018: As Melhores Makes da Premia\u00e7\u00e3o - Pinheiros Cosm\u00e9ticos\" \/>\n<meta property=\"og:description\" content=\"A 35\u00aa edi\u00e7\u00e3o do VMA 2018 foi marcada por makes incr\u00edveis e que podem servir de inspira\u00e7\u00e3o para sua produ\u00e7\u00e3o de final de semana. Veja agora nossas favoritas!\" \/>\n<meta property=\"og:url\" content=\"https:\/\/pinheiroscosmeticos.com.br\/blog\/2018\/08\/24\/vma-2018-as-melhores-makes-da-premiacao\/\" \/>\n<meta property=\"og:site_name\" content=\"Pinheiros Cosm\u00e9ticos\" \/>\n<meta property=\"article:publisher\" content=\"https:\/\/www.facebook.com\/pinheiroscosmeticos\/\" \/>\n<meta property=\"article:published_time\" content=\"2018-08-24T16:38:24+00:00\" \/>\n<meta property=\"article:modified_time\" content=\"2020-01-06T17:24:05+00:00\" \/>\n<meta property=\"og:image\" content=\"https:\/\/pinheiroscosmeticos.com.br\/blog\/wp-content\/uploads\/2018\/08\/Vma.png\" \/>\n\t<meta property=\"og:image:width\" content=\"1024\" \/>\n\t<meta property=\"og:image:height\" content=\"512\" \/>\n\t<meta property=\"og:image:type\" content=\"image\/png\" \/>\n<meta name=\"author\" content=\"dBriefing\" \/>\n<meta name=\"twitter:card\" content=\"summary_large_image\" \/>\n<meta name=\"twitter:label1\" content=\"Escrito por\" \/>\n\t<meta name=\"twitter:data1\" content=\"dBriefing\" \/>\n\t<meta name=\"twitter:label2\" content=\"Est. tempo de leitura\" \/>\n\t<meta name=\"twitter:data2\" content=\"3 minutos\" \/>\n<script type=\"application\/ld+json\" class=\"yoast-schema-graph\">{\"@context\":\"https:\/\/schema.org\",\"@graph\":[{\"@type\":\"WebPage\",\"@id\":\"https:\/\/pinheiroscosmeticos.com.br\/blog\/2018\/08\/24\/vma-2018-as-melhores-makes-da-premiacao\/\",\"url\":\"https:\/\/pinheiroscosmeticos.com.br\/blog\/2018\/08\/24\/vma-2018-as-melhores-makes-da-premiacao\/\",\"name\":\"VMA 2018: As Melhores Makes da Premia\u00e7\u00e3o - Pinheiros Cosm\u00e9ticos\",\"isPartOf\":{\"@id\":\"https:\/\/pinheiroscosmeticos.com.br\/blog\/#website\"},\"datePublished\":\"2018-08-24T16:38:24+00:00\",\"dateModified\":\"2020-01-06T17:24:05+00:00\",\"author\":{\"@id\":\"https:\/\/pinheiroscosmeticos.com.br\/blog\/#\/schema\/person\/8a6c965f731e6683d1a22944c15bb130\"},\"description\":\"A 35\u00aa edi\u00e7\u00e3o do VMA 2018 foi marcada por makes incr\u00edveis e que podem servir de inspira\u00e7\u00e3o para sua produ\u00e7\u00e3o de final de semana. Veja agora nossas favoritas!\",\"breadcrumb\":{\"@id\":\"https:\/\/pinheiroscosmeticos.com.br\/blog\/2018\/08\/24\/vma-2018-as-melhores-makes-da-premiacao\/#breadcrumb\"},\"inLanguage\":\"pt-BR\",\"potentialAction\":[{\"@type\":\"ReadAction\",\"target\":[\"https:\/\/pinheiroscosmeticos.com.br\/blog\/2018\/08\/24\/vma-2018-as-melhores-makes-da-premiacao\/\"]}]},{\"@type\":\"BreadcrumbList\",\"@id\":\"https:\/\/pinheiroscosmeticos.com.br\/blog\/2018\/08\/24\/vma-2018-as-melhores-makes-da-premiacao\/#breadcrumb\",\"itemListElement\":[{\"@type\":\"ListItem\",\"position\":1,\"name\":\"In\u00edcio\",\"item\":\"https:\/\/pinheiroscosmeticos.com.br\/blog\/\"},{\"@type\":\"ListItem\",\"position\":2,\"name\":\"VMA 2018: As Melhores Makes da Premia\u00e7\u00e3o\"}]},{\"@type\":\"WebSite\",\"@id\":\"https:\/\/pinheiroscosmeticos.com.br\/blog\/#website\",\"url\":\"https:\/\/pinheiroscosmeticos.com.br\/blog\/\",\"name\":\"Pinheiros Cosm\u00e9ticos Blog\",\"description\":\"Blog Oficial\",\"potentialAction\":[{\"@type\":\"SearchAction\",\"target\":{\"@type\":\"EntryPoint\",\"urlTemplate\":\"https:\/\/pinheiroscosmeticos.com.br\/blog\/?s={search_term_string}\"},\"query-input\":\"required name=search_term_string\"}],\"inLanguage\":\"pt-BR\"},{\"@type\":\"Person\",\"@id\":\"https:\/\/pinheiroscosmeticos.com.br\/blog\/#\/schema\/person\/8a6c965f731e6683d1a22944c15bb130\",\"name\":\"dBriefing\",\"image\":{\"@type\":\"ImageObject\",\"inLanguage\":\"pt-BR\",\"@id\":\"https:\/\/pinheiroscosmeticos.com.br\/blog\/#\/schema\/person\/image\/\",\"url\":\"https:\/\/secure.gravatar.com\/avatar\/2a5ab9ddec46cad63aeb0075ab70d944?s=96&d=mm&r=g\",\"contentUrl\":\"https:\/\/secure.gravatar.com\/avatar\/2a5ab9ddec46cad63aeb0075ab70d944?s=96&d=mm&r=g\",\"caption\":\"dBriefing\"}}]}<\/script>\n<!-- \/ Yoast SEO plugin. -->","yoast_head_json":{"title":"VMA 2018: As Melhores Makes da Premia\u00e7\u00e3o - Pinheiros Cosm\u00e9ticos","description":"A 35\u00aa edi\u00e7\u00e3o do VMA 2018 foi marcada por makes incr\u00edveis e que podem servir de inspira\u00e7\u00e3o para sua produ\u00e7\u00e3o de final de semana. Veja agora nossas favoritas!","robots":{"index":"index","follow":"follow","max-snippet":"max-snippet:-1","max-image-preview":"max-image-preview:large","max-video-preview":"max-video-preview:-1"},"canonical":"https:\/\/pinheiroscosmeticos.com.br\/blog\/2018\/08\/24\/vma-2018-as-melhores-makes-da-premiacao\/","og_locale":"pt_BR","og_type":"article","og_title":"VMA 2018: As Melhores Makes da Premia\u00e7\u00e3o - Pinheiros Cosm\u00e9ticos","og_description":"A 35\u00aa edi\u00e7\u00e3o do VMA 2018 foi marcada por makes incr\u00edveis e que podem servir de inspira\u00e7\u00e3o para sua produ\u00e7\u00e3o de final de semana. Veja agora nossas favoritas!","og_url":"https:\/\/pinheiroscosmeticos.com.br\/blog\/2018\/08\/24\/vma-2018-as-melhores-makes-da-premiacao\/","og_site_name":"Pinheiros Cosm\u00e9ticos","article_publisher":"https:\/\/www.facebook.com\/pinheiroscosmeticos\/","article_published_time":"2018-08-24T16:38:24+00:00","article_modified_time":"2020-01-06T17:24:05+00:00","og_image":[{"width":1024,"height":512,"url":"https:\/\/pinheiroscosmeticos.com.br\/blog\/wp-content\/uploads\/2018\/08\/Vma.png","type":"image\/png"}],"author":"dBriefing","twitter_card":"summary_large_image","twitter_misc":{"Escrito por":"dBriefing","Est. tempo de leitura":"3 minutos"},"schema":{"@context":"https:\/\/schema.org","@graph":[{"@type":"WebPage","@id":"https:\/\/pinheiroscosmeticos.com.br\/blog\/2018\/08\/24\/vma-2018-as-melhores-makes-da-premiacao\/","url":"https:\/\/pinheiroscosmeticos.com.br\/blog\/2018\/08\/24\/vma-2018-as-melhores-makes-da-premiacao\/","name":"VMA 2018: As Melhores Makes da Premia\u00e7\u00e3o - Pinheiros Cosm\u00e9ticos","isPartOf":{"@id":"https:\/\/pinheiroscosmeticos.com.br\/blog\/#website"},"datePublished":"2018-08-24T16:38:24+00:00","dateModified":"2020-01-06T17:24:05+00:00","author":{"@id":"https:\/\/pinheiroscosmeticos.com.br\/blog\/#\/schema\/person\/8a6c965f731e6683d1a22944c15bb130"},"description":"A 35\u00aa edi\u00e7\u00e3o do VMA 2018 foi marcada por makes incr\u00edveis e que podem servir de inspira\u00e7\u00e3o para sua produ\u00e7\u00e3o de final de semana. Veja agora nossas favoritas!","breadcrumb":{"@id":"https:\/\/pinheiroscosmeticos.com.br\/blog\/2018\/08\/24\/vma-2018-as-melhores-makes-da-premiacao\/#breadcrumb"},"inLanguage":"pt-BR","potentialAction":[{"@type":"ReadAction","target":["https:\/\/pinheiroscosmeticos.com.br\/blog\/2018\/08\/24\/vma-2018-as-melhores-makes-da-premiacao\/"]}]},{"@type":"BreadcrumbList","@id":"https:\/\/pinheiroscosmeticos.com.br\/blog\/2018\/08\/24\/vma-2018-as-melhores-makes-da-premiacao\/#breadcrumb","itemListElement":[{"@type":"ListItem","position":1,"name":"In\u00edcio","item":"https:\/\/pinheiroscosmeticos.com.br\/blog\/"},{"@type":"ListItem","position":2,"name":"VMA 2018: As Melhores Makes da Premia\u00e7\u00e3o"}]},{"@type":"WebSite","@id":"https:\/\/pinheiroscosmeticos.com.br\/blog\/#website","url":"https:\/\/pinheiroscosmeticos.com.br\/blog\/","name":"Pinheiros Cosm\u00e9ticos Blog","description":"Blog Oficial","potentialAction":[{"@type":"SearchAction","target":{"@type":"EntryPoint","urlTemplate":"https:\/\/pinheiroscosmeticos.com.br\/blog\/?s={search_term_string}"},"query-input":"required name=search_term_string"}],"inLanguage":"pt-BR"},{"@type":"Person","@id":"https:\/\/pinheiroscosmeticos.com.br\/blog\/#\/schema\/person\/8a6c965f731e6683d1a22944c15bb130","name":"dBriefing","image":{"@type":"ImageObject","inLanguage":"pt-BR","@id":"https:\/\/pinheiroscosmeticos.com.br\/blog\/#\/schema\/person\/image\/","url":"https:\/\/secure.gravatar.com\/avatar\/2a5ab9ddec46cad63aeb0075ab70d944?s=96&d=mm&r=g","contentUrl":"https:\/\/secure.gravatar.com\/avatar\/2a5ab9ddec46cad63aeb0075ab70d944?s=96&d=mm&r=g","caption":"dBriefing"}}]}},"_links":{"self":[{"href":"https:\/\/pinheiroscosmeticos.com.br\/blog\/wp-json\/wp\/v2\/posts\/56"}],"collection":[{"href":"https:\/\/pinheiroscosmeticos.com.br\/blog\/wp-json\/wp\/v2\/posts"}],"about":[{"href":"https:\/\/pinheiroscosmeticos.com.br\/blog\/wp-json\/wp\/v2\/types\/post"}],"author":[{"embeddable":true,"href":"https:\/\/pinheiroscosmeticos.com.br\/blog\/wp-json\/wp\/v2\/users\/1"}],"replies":[{"embeddable":true,"href":"https:\/\/pinheiroscosmeticos.com.br\/blog\/wp-json\/wp\/v2\/comments?post=56"}],"version-history":[{"count":4,"href":"https:\/\/pinheiroscosmeticos.com.br\/blog\/wp-json\/wp\/v2\/posts\/56\/revisions"}],"predecessor-version":[{"id":1256,"href":"https:\/\/pinheiroscosmeticos.com.br\/blog\/wp-json\/wp\/v2\/posts\/56\/revisions\/1256"}],"wp:featuredmedia":[{"embeddable":true,"href":"https:\/\/pinheiroscosmeticos.com.br\/blog\/wp-json\/wp\/v2\/media\/65"}],"wp:attachment":[{"href":"https:\/\/pinheiroscosmeticos.com.br\/blog\/wp-json\/wp\/v2\/media?parent=56"}],"wp:term":[{"taxonomy":"category","embeddable":true,"href":"https:\/\/pinheiroscosmeticos.com.br\/blog\/wp-json\/wp\/v2\/categories?post=56"},{"taxonomy":"post_tag","embeddable":true,"href":"https:\/\/pinheiroscosmeticos.com.br\/blog\/wp-json\/wp\/v2\/tags?post=56"}],"curies":[{"name":"wp","href":"https:\/\/api.w.org\/{rel}","templated":true}]}}