{"id":66,"date":"2018-08-30T10:00:44","date_gmt":"2018-08-30T10:00:44","guid":{"rendered":"http:\/\/pinheiroscosmeticos.com.br\/blog\/?p=66"},"modified":"2018-08-29T14:59:28","modified_gmt":"2018-08-29T14:59:28","slug":"cabelos-ressecados-4-dicas-para-revolver-o-problema","status":"publish","type":"post","link":"https:\/\/pinheiroscosmeticos.com.br\/blog\/2018\/08\/30\/cabelos-ressecados-4-dicas-para-revolver-o-problema\/","title":{"rendered":"Cabelos Ressecados: 4 dicas para revolver o problema"},"content":{"rendered":"<h1>Antes de apelar para a tesoura, adote alguns h\u00e1bitos e consiga um cabelo lindo e saud\u00e1vel.<\/h1>\n<p>Infelizmente as extremidades espigadas, ressecadas e pontas duplas podem ser uma amea\u00e7a para o seu cabelo dos sonhos. A solu\u00e7\u00e3o que vem \u00e0 cabe\u00e7a de todos, num primeiro instante, \u00e9 o corte. Por\u00e9m, ela tamb\u00e9m traz muita inseguran\u00e7a para quem sonha com as madeixas compridas. Por isso, conhe\u00e7a outras quatro formas de evitar cabelos ressecados.<!--more--><\/p>\n<h2>1) Fa\u00e7a um cronograma capilar<\/h2>\n<p>O cronograma capilar \u00e9, basicamente, uma agenda de tratamentos para repor os nutrientes necess\u00e1rios para que os fios estejam sempre saud\u00e1veis e bonitos. Ele \u00e9 feito atrav\u00e9s de tr\u00eas tratamentos:<br \/>\n\u2022 Hidrata\u00e7\u00e3o &#8211; rep\u00f5e a \u00e1gua e os nutrientes essenciais que s\u00e3o perdidos todos os dias.<br \/>\n\u2022 Nutri\u00e7\u00e3o &#8211; rep\u00f5e os lip\u00eddios, gorduras produzidas pelas gl\u00e2ndulas seb\u00e1ceas do couro cabeludo.<br \/>\n\u2022 Reconstru\u00e7\u00e3o &#8211; rep\u00f5e a prote\u00edna aos fios, evitando que fiquem quebradi\u00e7os, finos e porosos.<\/p>\n<h2>2) Lavagem correta<\/h2>\n<p>Lavagem com \u00e1gua fria pode ser um grande desafio no inverno, mas \u00e9 necess\u00e1rio. Por qu\u00ea? A \u00e1gua quente abre as cut\u00edculas da fibra capilar e remove a oleosidade natural dos fios e os resseca ainda mais. J\u00e1 a \u00e1gua fria ou morna, ajuda a selar as cut\u00edculas e a aumentar o brilho das madeixas<br \/>\nPra voc\u00ea n\u00e3o congelar na hora do banho, fa\u00e7a o \u00faltimo enxague com a \u00e1gua fria. Isso j\u00e1 traz uma melhora imediata nos cabelos ressecados.<br \/>\nAinda na parte da lavagem, preste aten\u00e7\u00e3o nos produtos na hora de ir \u00e0 loja de cosm\u00e9ticos. Aqueles que cont\u00e9m sulfatos e petrolatos em sua f\u00f3rmula podem aumentar o aspecto sem brilho e movimento. Prefira utilizar produtos de\u00a0a\u00e7\u00e3o ligth poo, com agentes mais leves, e aposte no uso de condicionadores limpantes.<\/p>\n<h2>3) Use \u00f3leo capilar como finalizador<\/h2>\n<p>Esse n\u00e3o \u00e9 um tratamento profundo, mas \u00e9 recomendado por formar uma capa de prote\u00e7\u00e3o envolta dos fios, ajudando a evitar cabelos ressecados. Aplique algumas gotas do \u00f3leo diretamente nas pontas ou ap\u00f3s um creme sem enx\u00e1gue. Para isso, deposite algumas gotas na palma da m\u00e3o, esfregue-as para espalhar e aplique nas pontas.<\/p>\n<h2>4) Adeus ferramentas de calor<\/h2>\n<p>J\u00e1 ouviu falar em detox? Consiste na elimina\u00e7\u00e3o de certas coisas, neste caso, as ferramentas de calor (chapinha, secador, babyliss, etc). Isso porque o uso frequente causa dano t\u00e9rmico aos fios do cabelo, provocando a perda de brilho e o ressecamento das pontas.<br \/>\nMas n\u00e3o se preocupe! Usar essas ferramentas ocasionalmente n\u00e3o traz tantos danos, mas voc\u00ea n\u00e3o pode esquecer de usar um protetor t\u00e9rmico antes de come\u00e7ar qualquer processo.<\/p>\n<h1><b>Preciso cortar o cabelo?<\/b><\/h1>\n<p>Mesmo com todos esses cuidados, a visita ao sal\u00e3o para um bom corte deve ser um h\u00e1bito regular. Procure um cabeleireiro a cada 3 meses para aparar as pontinhas, evitar a apar\u00eancia ressecada e as pontas duplas. Nada de medo! O seu cabelo ficar\u00e1 muito mais leve e saud\u00e1vel.<\/p>\n<p>&nbsp;<\/p>\n<p>Falando em corte, que tal ler nosso artigo sobre <a href=\"http:\/\/pinheiroscosmeticos.com.br\/blog\/2018\/07\/13\/tendencia-de-cortes-para-o-inverno-2018\/\">os principais cortes desse inverno<\/a>? Esperamos que esse artigo possa te ajudar a lidar com cabelos ressecados de uma forma mais simples e pr\u00e1tica.<\/p>\n","protected":false},"excerpt":{"rendered":"<p>Antes de apelar para a tesoura, adote alguns h\u00e1bitos e consiga um cabelo lindo e saud\u00e1vel. Infelizmente as extremidades espigadas, ressecadas e pontas duplas podem ser uma amea\u00e7a para o seu cabelo dos sonhos. A solu\u00e7\u00e3o que vem \u00e0 cabe\u00e7a de todos, num primeiro instante, \u00e9 o corte. Por\u00e9m, ela tamb\u00e9m traz muita inseguran\u00e7a para [&hellip;]<\/p>\n","protected":false},"author":1,"featured_media":67,"comment_status":"open","ping_status":"open","sticky":false,"template":"","format":"standard","meta":{"_mi_skip_tracking":false,"_exactmetrics_sitenote_active":false,"_exactmetrics_sitenote_note":"","_exactmetrics_sitenote_category":0},"categories":[9],"tags":[10,13,12,11],"yoast_head":"<!-- This site is optimized with the Yoast SEO plugin v21.0 - https:\/\/yoast.com\/wordpress\/plugins\/seo\/ -->\n<title>Cabelos Ressecados: 4 dicas para revolver o problema - Pinheiros Cosm\u00e9ticos<\/title>\n<meta name=\"description\" content=\"Cabelos ressecados: Infelizmente a solu\u00e7\u00e3o que vem \u00e0 cabe\u00e7a de todos, num primeiro instante, \u00e9 o corte. Conhe\u00e7a quatro formas de evita-lo.\" \/>\n<meta name=\"robots\" content=\"index, follow, max-snippet:-1, max-image-preview:large, max-video-preview:-1\" \/>\n<link rel=\"canonical\" href=\"https:\/\/pinheiroscosmeticos.com.br\/blog\/2018\/08\/30\/cabelos-ressecados-4-dicas-para-revolver-o-problema\/\" \/>\n<meta property=\"og:locale\" content=\"pt_BR\" \/>\n<meta property=\"og:type\" content=\"article\" \/>\n<meta property=\"og:title\" content=\"Cabelos Ressecados: 4 dicas para revolver o problema - Pinheiros Cosm\u00e9ticos\" \/>\n<meta property=\"og:description\" content=\"Cabelos ressecados: Infelizmente a solu\u00e7\u00e3o que vem \u00e0 cabe\u00e7a de todos, num primeiro instante, \u00e9 o corte. Conhe\u00e7a quatro formas de evita-lo.\" \/>\n<meta property=\"og:url\" content=\"https:\/\/pinheiroscosmeticos.com.br\/blog\/2018\/08\/30\/cabelos-ressecados-4-dicas-para-revolver-o-problema\/\" \/>\n<meta property=\"og:site_name\" content=\"Pinheiros Cosm\u00e9ticos\" \/>\n<meta property=\"article:publisher\" content=\"https:\/\/www.facebook.com\/pinheiroscosmeticos\/\" \/>\n<meta property=\"article:published_time\" content=\"2018-08-30T10:00:44+00:00\" \/>\n<meta property=\"article:modified_time\" content=\"2018-08-29T14:59:28+00:00\" \/>\n<meta property=\"og:image\" content=\"https:\/\/pinheiroscosmeticos.com.br\/blog\/wp-content\/uploads\/2018\/08\/cabelo-ressecado.png\" \/>\n\t<meta property=\"og:image:width\" content=\"1024\" \/>\n\t<meta property=\"og:image:height\" content=\"512\" \/>\n\t<meta property=\"og:image:type\" content=\"image\/png\" \/>\n<meta name=\"author\" content=\"dBriefing\" \/>\n<meta name=\"twitter:card\" content=\"summary_large_image\" \/>\n<meta name=\"twitter:label1\" content=\"Escrito por\" \/>\n\t<meta name=\"twitter:data1\" content=\"dBriefing\" \/>\n\t<meta name=\"twitter:label2\" content=\"Est. tempo de leitura\" \/>\n\t<meta name=\"twitter:data2\" content=\"3 minutos\" \/>\n<script type=\"application\/ld+json\" class=\"yoast-schema-graph\">{\"@context\":\"https:\/\/schema.org\",\"@graph\":[{\"@type\":\"WebPage\",\"@id\":\"https:\/\/pinheiroscosmeticos.com.br\/blog\/2018\/08\/30\/cabelos-ressecados-4-dicas-para-revolver-o-problema\/\",\"url\":\"https:\/\/pinheiroscosmeticos.com.br\/blog\/2018\/08\/30\/cabelos-ressecados-4-dicas-para-revolver-o-problema\/\",\"name\":\"Cabelos Ressecados: 4 dicas para revolver o problema - Pinheiros Cosm\u00e9ticos\",\"isPartOf\":{\"@id\":\"https:\/\/pinheiroscosmeticos.com.br\/blog\/#website\"},\"datePublished\":\"2018-08-30T10:00:44+00:00\",\"dateModified\":\"2018-08-29T14:59:28+00:00\",\"author\":{\"@id\":\"https:\/\/pinheiroscosmeticos.com.br\/blog\/#\/schema\/person\/8a6c965f731e6683d1a22944c15bb130\"},\"description\":\"Cabelos ressecados: Infelizmente a solu\u00e7\u00e3o que vem \u00e0 cabe\u00e7a de todos, num primeiro instante, \u00e9 o corte. Conhe\u00e7a quatro formas de evita-lo.\",\"breadcrumb\":{\"@id\":\"https:\/\/pinheiroscosmeticos.com.br\/blog\/2018\/08\/30\/cabelos-ressecados-4-dicas-para-revolver-o-problema\/#breadcrumb\"},\"inLanguage\":\"pt-BR\",\"potentialAction\":[{\"@type\":\"ReadAction\",\"target\":[\"https:\/\/pinheiroscosmeticos.com.br\/blog\/2018\/08\/30\/cabelos-ressecados-4-dicas-para-revolver-o-problema\/\"]}]},{\"@type\":\"BreadcrumbList\",\"@id\":\"https:\/\/pinheiroscosmeticos.com.br\/blog\/2018\/08\/30\/cabelos-ressecados-4-dicas-para-revolver-o-problema\/#breadcrumb\",\"itemListElement\":[{\"@type\":\"ListItem\",\"position\":1,\"name\":\"In\u00edcio\",\"item\":\"https:\/\/pinheiroscosmeticos.com.br\/blog\/\"},{\"@type\":\"ListItem\",\"position\":2,\"name\":\"Cabelos Ressecados: 4 dicas para revolver o problema\"}]},{\"@type\":\"WebSite\",\"@id\":\"https:\/\/pinheiroscosmeticos.com.br\/blog\/#website\",\"url\":\"https:\/\/pinheiroscosmeticos.com.br\/blog\/\",\"name\":\"Pinheiros Cosm\u00e9ticos Blog\",\"description\":\"Blog Oficial\",\"potentialAction\":[{\"@type\":\"SearchAction\",\"target\":{\"@type\":\"EntryPoint\",\"urlTemplate\":\"https:\/\/pinheiroscosmeticos.com.br\/blog\/?s={search_term_string}\"},\"query-input\":\"required name=search_term_string\"}],\"inLanguage\":\"pt-BR\"},{\"@type\":\"Person\",\"@id\":\"https:\/\/pinheiroscosmeticos.com.br\/blog\/#\/schema\/person\/8a6c965f731e6683d1a22944c15bb130\",\"name\":\"dBriefing\",\"image\":{\"@type\":\"ImageObject\",\"inLanguage\":\"pt-BR\",\"@id\":\"https:\/\/pinheiroscosmeticos.com.br\/blog\/#\/schema\/person\/image\/\",\"url\":\"https:\/\/secure.gravatar.com\/avatar\/2a5ab9ddec46cad63aeb0075ab70d944?s=96&d=mm&r=g\",\"contentUrl\":\"https:\/\/secure.gravatar.com\/avatar\/2a5ab9ddec46cad63aeb0075ab70d944?s=96&d=mm&r=g\",\"caption\":\"dBriefing\"}}]}<\/script>\n<!-- \/ Yoast SEO plugin. -->","yoast_head_json":{"title":"Cabelos Ressecados: 4 dicas para revolver o problema - Pinheiros Cosm\u00e9ticos","description":"Cabelos ressecados: Infelizmente a solu\u00e7\u00e3o que vem \u00e0 cabe\u00e7a de todos, num primeiro instante, \u00e9 o corte. Conhe\u00e7a quatro formas de evita-lo.","robots":{"index":"index","follow":"follow","max-snippet":"max-snippet:-1","max-image-preview":"max-image-preview:large","max-video-preview":"max-video-preview:-1"},"canonical":"https:\/\/pinheiroscosmeticos.com.br\/blog\/2018\/08\/30\/cabelos-ressecados-4-dicas-para-revolver-o-problema\/","og_locale":"pt_BR","og_type":"article","og_title":"Cabelos Ressecados: 4 dicas para revolver o problema - Pinheiros Cosm\u00e9ticos","og_description":"Cabelos ressecados: Infelizmente a solu\u00e7\u00e3o que vem \u00e0 cabe\u00e7a de todos, num primeiro instante, \u00e9 o corte. Conhe\u00e7a quatro formas de evita-lo.","og_url":"https:\/\/pinheiroscosmeticos.com.br\/blog\/2018\/08\/30\/cabelos-ressecados-4-dicas-para-revolver-o-problema\/","og_site_name":"Pinheiros Cosm\u00e9ticos","article_publisher":"https:\/\/www.facebook.com\/pinheiroscosmeticos\/","article_published_time":"2018-08-30T10:00:44+00:00","article_modified_time":"2018-08-29T14:59:28+00:00","og_image":[{"width":1024,"height":512,"url":"https:\/\/pinheiroscosmeticos.com.br\/blog\/wp-content\/uploads\/2018\/08\/cabelo-ressecado.png","type":"image\/png"}],"author":"dBriefing","twitter_card":"summary_large_image","twitter_misc":{"Escrito por":"dBriefing","Est. tempo de leitura":"3 minutos"},"schema":{"@context":"https:\/\/schema.org","@graph":[{"@type":"WebPage","@id":"https:\/\/pinheiroscosmeticos.com.br\/blog\/2018\/08\/30\/cabelos-ressecados-4-dicas-para-revolver-o-problema\/","url":"https:\/\/pinheiroscosmeticos.com.br\/blog\/2018\/08\/30\/cabelos-ressecados-4-dicas-para-revolver-o-problema\/","name":"Cabelos Ressecados: 4 dicas para revolver o problema - Pinheiros Cosm\u00e9ticos","isPartOf":{"@id":"https:\/\/pinheiroscosmeticos.com.br\/blog\/#website"},"datePublished":"2018-08-30T10:00:44+00:00","dateModified":"2018-08-29T14:59:28+00:00","author":{"@id":"https:\/\/pinheiroscosmeticos.com.br\/blog\/#\/schema\/person\/8a6c965f731e6683d1a22944c15bb130"},"description":"Cabelos ressecados: Infelizmente a solu\u00e7\u00e3o que vem \u00e0 cabe\u00e7a de todos, num primeiro instante, \u00e9 o corte. Conhe\u00e7a quatro formas de evita-lo.","breadcrumb":{"@id":"https:\/\/pinheiroscosmeticos.com.br\/blog\/2018\/08\/30\/cabelos-ressecados-4-dicas-para-revolver-o-problema\/#breadcrumb"},"inLanguage":"pt-BR","potentialAction":[{"@type":"ReadAction","target":["https:\/\/pinheiroscosmeticos.com.br\/blog\/2018\/08\/30\/cabelos-ressecados-4-dicas-para-revolver-o-problema\/"]}]},{"@type":"BreadcrumbList","@id":"https:\/\/pinheiroscosmeticos.com.br\/blog\/2018\/08\/30\/cabelos-ressecados-4-dicas-para-revolver-o-problema\/#breadcrumb","itemListElement":[{"@type":"ListItem","position":1,"name":"In\u00edcio","item":"https:\/\/pinheiroscosmeticos.com.br\/blog\/"},{"@type":"ListItem","position":2,"name":"Cabelos Ressecados: 4 dicas para revolver o problema"}]},{"@type":"WebSite","@id":"https:\/\/pinheiroscosmeticos.com.br\/blog\/#website","url":"https:\/\/pinheiroscosmeticos.com.br\/blog\/","name":"Pinheiros Cosm\u00e9ticos Blog","description":"Blog Oficial","potentialAction":[{"@type":"SearchAction","target":{"@type":"EntryPoint","urlTemplate":"https:\/\/pinheiroscosmeticos.com.br\/blog\/?s={search_term_string}"},"query-input":"required name=search_term_string"}],"inLanguage":"pt-BR"},{"@type":"Person","@id":"https:\/\/pinheiroscosmeticos.com.br\/blog\/#\/schema\/person\/8a6c965f731e6683d1a22944c15bb130","name":"dBriefing","image":{"@type":"ImageObject","inLanguage":"pt-BR","@id":"https:\/\/pinheiroscosmeticos.com.br\/blog\/#\/schema\/person\/image\/","url":"https:\/\/secure.gravatar.com\/avatar\/2a5ab9ddec46cad63aeb0075ab70d944?s=96&d=mm&r=g","contentUrl":"https:\/\/secure.gravatar.com\/avatar\/2a5ab9ddec46cad63aeb0075ab70d944?s=96&d=mm&r=g","caption":"dBriefing"}}]}},"_links":{"self":[{"href":"https:\/\/pinheiroscosmeticos.com.br\/blog\/wp-json\/wp\/v2\/posts\/66"}],"collection":[{"href":"https:\/\/pinheiroscosmeticos.com.br\/blog\/wp-json\/wp\/v2\/posts"}],"about":[{"href":"https:\/\/pinheiroscosmeticos.com.br\/blog\/wp-json\/wp\/v2\/types\/post"}],"author":[{"embeddable":true,"href":"https:\/\/pinheiroscosmeticos.com.br\/blog\/wp-json\/wp\/v2\/users\/1"}],"replies":[{"embeddable":true,"href":"https:\/\/pinheiroscosmeticos.com.br\/blog\/wp-json\/wp\/v2\/comments?post=66"}],"version-history":[{"count":1,"href":"https:\/\/pinheiroscosmeticos.com.br\/blog\/wp-json\/wp\/v2\/posts\/66\/revisions"}],"predecessor-version":[{"id":68,"href":"https:\/\/pinheiroscosmeticos.com.br\/blog\/wp-json\/wp\/v2\/posts\/66\/revisions\/68"}],"wp:featuredmedia":[{"embeddable":true,"href":"https:\/\/pinheiroscosmeticos.com.br\/blog\/wp-json\/wp\/v2\/media\/67"}],"wp:attachment":[{"href":"https:\/\/pinheiroscosmeticos.com.br\/blog\/wp-json\/wp\/v2\/media?parent=66"}],"wp:term":[{"taxonomy":"category","embeddable":true,"href":"https:\/\/pinheiroscosmeticos.com.br\/blog\/wp-json\/wp\/v2\/categories?post=66"},{"taxonomy":"post_tag","embeddable":true,"href":"https:\/\/pinheiroscosmeticos.com.br\/blog\/wp-json\/wp\/v2\/tags?post=66"}],"curies":[{"name":"wp","href":"https:\/\/api.w.org\/{rel}","templated":true}]}}