{"id":69,"date":"2018-09-05T19:06:04","date_gmt":"2018-09-05T19:06:04","guid":{"rendered":"http:\/\/pinheiroscosmeticos.com.br\/blog\/?p=69"},"modified":"2018-09-05T19:14:07","modified_gmt":"2018-09-05T19:14:07","slug":"maquiagem-colorida-7-ideias-para-voce-se-inspirar","status":"publish","type":"post","link":"https:\/\/pinheiroscosmeticos.com.br\/blog\/2018\/09\/05\/maquiagem-colorida-7-ideias-para-voce-se-inspirar\/","title":{"rendered":"Maquiagem Colorida: 7 ideias para voc\u00ea se inspirar"},"content":{"rendered":"<h1><strong>Jogue-se nas cores de maquiagem sem medo de ser feliz!<\/strong><\/h1>\n<p>A maquiagem \u00e9 mais do que uma forma de elevar a beleza natural, ela pode ser uma forma de express\u00e3o pessoal. Com a maquiagem colorida, em espec\u00edfico, voc\u00ea pode passar a imagem de uma mulher criativa, forte e sem medo de chamar olhares. A seguir, conhe\u00e7a sete inspira\u00e7\u00f5es para compor o seu look colorido sem exageros:<!--more--><\/p>\n<figure id=\"attachment_70\" class=\"thumbnail wp-caption aligncenter\" style=\"width: 710px\"><img decoding=\"async\" loading=\"lazy\" class=\"wp-image-70 size-full\" src=\"http:\/\/pinheiroscosmeticos.com.br\/blog\/wp-content\/uploads\/2018\/09\/tmc6.jpg\" alt=\"Maquiagem colorida\" width=\"700\" height=\"700\" srcset=\"https:\/\/pinheiroscosmeticos.com.br\/blog\/wp-content\/uploads\/2018\/09\/tmc6.jpg 700w, https:\/\/pinheiroscosmeticos.com.br\/blog\/wp-content\/uploads\/2018\/09\/tmc6-150x150.jpg 150w, https:\/\/pinheiroscosmeticos.com.br\/blog\/wp-content\/uploads\/2018\/09\/tmc6-300x300.jpg 300w, https:\/\/pinheiroscosmeticos.com.br\/blog\/wp-content\/uploads\/2018\/09\/tmc6-60x60.jpg 60w\" sizes=\"(max-width: 700px) 100vw, 700px\" \/><figcaption class=\"caption wp-caption-text\">Sombra Azul<\/figcaption><\/figure>\n<p><strong>\u00a0<\/strong><\/p>\n<ul>\n<li>\n<h2><strong>Sombra azul<\/strong><\/h2>\n<\/li>\n<\/ul>\n<p>Dua Lipa, a rainha das m\u00fasicas de supera\u00e7\u00e3o, usou uma tend\u00eancia muito popular entre as famosas: aplica\u00e7\u00e3o da sombra esfumada nas p\u00e1lpebras e na parte inferior dos olhos.<\/p>\n<figure id=\"attachment_72\" class=\"thumbnail wp-caption aligncenter\" style=\"width: 658px\"><img decoding=\"async\" loading=\"lazy\" class=\"wp-image-72 size-large\" src=\"http:\/\/pinheiroscosmeticos.com.br\/blog\/wp-content\/uploads\/2018\/09\/tmc5-819x1024.jpg\" alt=\"Maquiagem colorida\" width=\"648\" height=\"810\" srcset=\"https:\/\/pinheiroscosmeticos.com.br\/blog\/wp-content\/uploads\/2018\/09\/tmc5-819x1024.jpg 819w, https:\/\/pinheiroscosmeticos.com.br\/blog\/wp-content\/uploads\/2018\/09\/tmc5-240x300.jpg 240w, https:\/\/pinheiroscosmeticos.com.br\/blog\/wp-content\/uploads\/2018\/09\/tmc5-768x960.jpg 768w, https:\/\/pinheiroscosmeticos.com.br\/blog\/wp-content\/uploads\/2018\/09\/tmc5.jpg 1638w\" sizes=\"(max-width: 648px) 100vw, 648px\" \/><figcaption class=\"caption wp-caption-text\">Sombra Rosa<\/figcaption><\/figure>\n<p>&nbsp;<\/p>\n<ul>\n<li>\n<h2><strong>Sombra rosa<\/strong><\/h2>\n<\/li>\n<\/ul>\n<p>A atriz e cantora optou por uma sombra rosa bem marcada e com um leve degrad\u00ea a partir do canto dos olhos. \u00c9 uma \u00f3tima escolha para deixar a produ\u00e7\u00e3o mais sofisticada.<\/p>\n<figure id=\"attachment_73\" class=\"thumbnail wp-caption aligncenter\" style=\"width: 574px\"><img decoding=\"async\" loading=\"lazy\" class=\"size-full wp-image-73\" src=\"http:\/\/pinheiroscosmeticos.com.br\/blog\/wp-content\/uploads\/2018\/09\/tmc4.jpg\" alt=\"Sombra Violeta\" width=\"564\" height=\"760\" srcset=\"https:\/\/pinheiroscosmeticos.com.br\/blog\/wp-content\/uploads\/2018\/09\/tmc4.jpg 564w, https:\/\/pinheiroscosmeticos.com.br\/blog\/wp-content\/uploads\/2018\/09\/tmc4-223x300.jpg 223w\" sizes=\"(max-width: 564px) 100vw, 564px\" \/><figcaption class=\"caption wp-caption-text\">Sombra Violeta<\/figcaption><\/figure>\n<p>&nbsp;<\/p>\n<ul>\n<li>\n<h2><strong>Sombra violeta<\/strong><\/h2>\n<\/li>\n<\/ul>\n<p>Lily Collins apostou em uma sombra violeta esfumada nas p\u00e1lpebras e na linha inferior dos olhos. Por fim, aplicou uma m\u00e1scara de c\u00edlios para deixar o olhar mais forte.<\/p>\n<figure id=\"attachment_74\" class=\"thumbnail wp-caption aligncenter\" style=\"width: 574px\"><img decoding=\"async\" loading=\"lazy\" class=\"size-full wp-image-74\" src=\"http:\/\/pinheiroscosmeticos.com.br\/blog\/wp-content\/uploads\/2018\/09\/tmc3.jpg\" alt=\"Sombra amarela\" width=\"564\" height=\"713\" srcset=\"https:\/\/pinheiroscosmeticos.com.br\/blog\/wp-content\/uploads\/2018\/09\/tmc3.jpg 564w, https:\/\/pinheiroscosmeticos.com.br\/blog\/wp-content\/uploads\/2018\/09\/tmc3-237x300.jpg 237w\" sizes=\"(max-width: 564px) 100vw, 564px\" \/><figcaption class=\"caption wp-caption-text\">Sombra amarela<\/figcaption><\/figure>\n<h2><\/h2>\n<ul>\n<li>\n<h2><strong>Sombra amarela<\/strong><\/h2>\n<\/li>\n<\/ul>\n<p>Margot Robbie, sem d\u00favida, arriscou na escolha de sua sombra amarela. Apesar de amarmos essa ousadia, sentimos a falta de um olhar mais marcado. A atriz poderia ter optado por um delineado ou m\u00e1scara de c\u00edlios.<\/p>\n<figure id=\"attachment_75\" class=\"thumbnail wp-caption aligncenter\" style=\"width: 574px\"><img decoding=\"async\" loading=\"lazy\" class=\"wp-image-75 size-full\" src=\"http:\/\/pinheiroscosmeticos.com.br\/blog\/wp-content\/uploads\/2018\/09\/tmc2.jpg\" alt=\"Sombra p\u00eassego com l\u00e1pis azul\" width=\"564\" height=\"829\" srcset=\"https:\/\/pinheiroscosmeticos.com.br\/blog\/wp-content\/uploads\/2018\/09\/tmc2.jpg 564w, https:\/\/pinheiroscosmeticos.com.br\/blog\/wp-content\/uploads\/2018\/09\/tmc2-204x300.jpg 204w\" sizes=\"(max-width: 564px) 100vw, 564px\" \/><figcaption class=\"caption wp-caption-text\">Sombra p\u00eassego com l\u00e1pis azul<\/figcaption><\/figure>\n<p>&nbsp;<\/p>\n<ul>\n<li>\n<h2><strong>Sombra p\u00eassego e l\u00e1pis azul<\/strong><\/h2>\n<\/li>\n<\/ul>\n<p>Janelle Mon\u00e1e \u00e9 conhecida por sua criatividade e por seu estilo. Partindo disso, \u00e9 natural que ela escolhesse uma maquiagem colorida e forte.\u00a0 A cantora optou por uma sombra p\u00eassego combinada com um delineado simples e c\u00edlios poderosos. Na parte inferior dos olhos, um l\u00e1pis azul bem esfumado.<\/p>\n<figure id=\"attachment_76\" class=\"thumbnail wp-caption aligncenter\" style=\"width: 610px\"><img decoding=\"async\" loading=\"lazy\" class=\"wp-image-76\" src=\"http:\/\/pinheiroscosmeticos.com.br\/blog\/wp-content\/uploads\/2018\/09\/tmc1-300x300.jpg\" alt=\"Sombra Laranja e Amarelo\" width=\"600\" height=\"600\" srcset=\"https:\/\/pinheiroscosmeticos.com.br\/blog\/wp-content\/uploads\/2018\/09\/tmc1-300x300.jpg 300w, https:\/\/pinheiroscosmeticos.com.br\/blog\/wp-content\/uploads\/2018\/09\/tmc1-150x150.jpg 150w, https:\/\/pinheiroscosmeticos.com.br\/blog\/wp-content\/uploads\/2018\/09\/tmc1-768x768.jpg 768w, https:\/\/pinheiroscosmeticos.com.br\/blog\/wp-content\/uploads\/2018\/09\/tmc1-60x60.jpg 60w, https:\/\/pinheiroscosmeticos.com.br\/blog\/wp-content\/uploads\/2018\/09\/tmc1.jpg 1024w\" sizes=\"(max-width: 600px) 100vw, 600px\" \/><figcaption class=\"caption wp-caption-text\">Sombra Laranja e Amarelo<\/figcaption><\/figure>\n<p><strong>\u00a0<\/strong><\/p>\n<ul>\n<li>\n<h2><strong>Sombras laranja e amarelo<\/strong><\/h2>\n<\/li>\n<\/ul>\n<p>Essas cores, quando combinadas, nos remetem a um look iluminado. Na maquiagem usada por Vanessa Hudgens, essas sombras trazem leveza e naturalidade.<\/p>\n<figure id=\"attachment_77\" class=\"thumbnail wp-caption aligncenter\" style=\"width: 658px\"><img decoding=\"async\" loading=\"lazy\" class=\"size-large wp-image-77\" src=\"http:\/\/pinheiroscosmeticos.com.br\/blog\/wp-content\/uploads\/2018\/09\/tmc-820x1024.jpg\" alt=\"Sombra amarela com delineado\" width=\"648\" height=\"809\" srcset=\"https:\/\/pinheiroscosmeticos.com.br\/blog\/wp-content\/uploads\/2018\/09\/tmc-820x1024.jpg 820w, https:\/\/pinheiroscosmeticos.com.br\/blog\/wp-content\/uploads\/2018\/09\/tmc-240x300.jpg 240w, https:\/\/pinheiroscosmeticos.com.br\/blog\/wp-content\/uploads\/2018\/09\/tmc-768x959.jpg 768w, https:\/\/pinheiroscosmeticos.com.br\/blog\/wp-content\/uploads\/2018\/09\/tmc.jpg 1080w\" sizes=\"(max-width: 648px) 100vw, 648px\" \/><figcaption class=\"caption wp-caption-text\">Sombra amarela com delineado<\/figcaption><\/figure>\n<p>&nbsp;<\/p>\n<ul>\n<li>\n<h2><strong>Sombra amarela com delineado<\/strong><\/h2>\n<\/li>\n<\/ul>\n<p>A sombra amarela cria um contraste lind\u00edssimo em pessoas com tons de peles mais escuros, como no caso da atriz e cantora Zendaya. Para estruturar melhor a maquiagem nos olhos, ela preferiu um delineado simples e c\u00edlios poderosos.<\/p>\n<p>&nbsp;<\/p>\n<h2><strong>Como usar?<\/strong><\/h2>\n<p>Para que voc\u00ea n\u00e3o cometa erros na escolha da sua maquiagem, temos algumas dicas a serem seguidas. Comecemos com a escolha do foco da sua produ\u00e7\u00e3o. Se a sua boca est\u00e1 em destaque, os olhos e o restante da maquiagem devem ficar mais \u201capagados\u201d. E vice-versa.<\/p>\n<p>Outro ponto \u00e9 o uso de delineadores. Eles finalizam a maquiagem nos olhos e tamb\u00e9m podem acrescentar cor a make, quando combinados com as sombras. Aconselhamos que voc\u00ea aposte em de azul, verde e rosa. Eles s\u00e3o perfeitos para quem pretende investir em cor sem beirar o exagero.<\/p>\n<p>Por fim, escolha o blush ideal para a tonalidade de sua pele. Assim, ele n\u00e3o entrar\u00e1 em conflito com a paleta de cores escolhida para o look. Blushes rosa ou p\u00eassego s\u00e3o indicados para pessoas com pele clara; j\u00e1 para as peles escuras, \u00e9 recomendado pelo produto na cor marrom ou bronzeador.<\/p>\n<h3><strong>Em quais ocasi\u00f5es a maquiagem colorida pode ser usada?<\/strong><\/h3>\n<p>Na realidade, a maquiagem colorida pode ser incorporada em qualquer ocasi\u00e3o. O que mudar\u00e1 s\u00e3o as combina\u00e7\u00f5es de tons para que voc\u00ea consiga us\u00e1-los sem fugir da proposta do seu compromisso.<\/p>\n<ul>\n<li>Dia-a-dia: tons neutros s\u00e3o indicados para quem ama maquiagem colorida e quer us\u00e1-la em sua rotina. Apesar de ter um toque de cor, a maquiagem n\u00e3o chamar\u00e1 tanta aten\u00e7\u00e3o no trabalho, por exemplo.<\/li>\n<li>Festas e baladas: aqui voc\u00ea n\u00e3o precisa ter medo de usar as cores. Mas, para n\u00e3o errar, combine com tonalidades mais neutras ou com sombras com brilho. N\u00e3o esque\u00e7a de que a sua maquiagem e suas roupas devem trabalhar em harmonia.<\/li>\n<li>Jantares ou casamentos: combine as cores com produtos com glitter e brilhos, al\u00e9m de seguir a regra do &#8220;olho tudo, boca nada&#8221; para n\u00e3o pesar na make em eventos mais formais.<\/li>\n<\/ul>\n<p>Quando o assunto \u00e9 maquiagem colorida a estrat\u00e9gia \u00e9 deixar sua imagina\u00e7\u00e3o solta. Compre algumas sombras, v\u00e1 para a frente do espelho e descubra as combina\u00e7\u00f5es que voc\u00ea mais gosta e as que valorizam sua beleza. Consiga algumas inspira\u00e7\u00f5es em nosso artigo sobre as <a href=\"http:\/\/pinheiroscosmeticos.com.br\/blog\/2018\/08\/24\/vma-2018-as-melhores-makes-da-premiacao\/\">melhores makes do VMA 2018<\/a>.<\/p>\n","protected":false},"excerpt":{"rendered":"<p>Jogue-se nas cores de maquiagem sem medo de ser feliz! A maquiagem \u00e9 mais do que uma forma de elevar a beleza natural, ela pode ser uma forma de express\u00e3o pessoal. Com a maquiagem colorida, em espec\u00edfico, voc\u00ea pode passar a imagem de uma mulher criativa, forte e sem medo de chamar olhares. A seguir, [&hellip;]<\/p>\n","protected":false},"author":1,"featured_media":71,"comment_status":"open","ping_status":"open","sticky":false,"template":"","format":"standard","meta":{"_mi_skip_tracking":false,"_exactmetrics_sitenote_active":false,"_exactmetrics_sitenote_note":"","_exactmetrics_sitenote_category":0},"categories":[3],"tags":[4,5,8,16,14,15],"yoast_head":"<!-- This site is optimized with the Yoast SEO plugin v21.0 - https:\/\/yoast.com\/wordpress\/plugins\/seo\/ -->\n<title>Maquiagem Colorida: 7 ideias para voc\u00ea se inspirar - Pinheiros Cosm\u00e9ticos<\/title>\n<meta name=\"description\" content=\"Com uma maquiagem colorida, voc\u00ea pode passar a imagem de uma mulher criativa, forte e sem medo de chamar olhares. Conhe\u00e7a sete inspira\u00e7\u00f5es para arrasar!\" \/>\n<meta name=\"robots\" content=\"index, follow, max-snippet:-1, max-image-preview:large, max-video-preview:-1\" \/>\n<link rel=\"canonical\" href=\"https:\/\/pinheiroscosmeticos.com.br\/blog\/2018\/09\/05\/maquiagem-colorida-7-ideias-para-voce-se-inspirar\/\" \/>\n<meta property=\"og:locale\" content=\"pt_BR\" \/>\n<meta property=\"og:type\" content=\"article\" \/>\n<meta property=\"og:title\" content=\"Maquiagem Colorida: 7 ideias para voc\u00ea se inspirar - Pinheiros Cosm\u00e9ticos\" \/>\n<meta property=\"og:description\" content=\"Com uma maquiagem colorida, voc\u00ea pode passar a imagem de uma mulher criativa, forte e sem medo de chamar olhares. Conhe\u00e7a sete inspira\u00e7\u00f5es para arrasar!\" \/>\n<meta property=\"og:url\" content=\"https:\/\/pinheiroscosmeticos.com.br\/blog\/2018\/09\/05\/maquiagem-colorida-7-ideias-para-voce-se-inspirar\/\" \/>\n<meta property=\"og:site_name\" content=\"Pinheiros Cosm\u00e9ticos\" \/>\n<meta property=\"article:publisher\" content=\"https:\/\/www.facebook.com\/pinheiroscosmeticos\/\" \/>\n<meta property=\"article:published_time\" content=\"2018-09-05T19:06:04+00:00\" \/>\n<meta property=\"article:modified_time\" content=\"2018-09-05T19:14:07+00:00\" \/>\n<meta property=\"og:image\" content=\"https:\/\/pinheiroscosmeticos.com.br\/blog\/wp-content\/uploads\/2018\/09\/05-09.png\" \/>\n\t<meta property=\"og:image:width\" content=\"1024\" \/>\n\t<meta property=\"og:image:height\" content=\"512\" \/>\n\t<meta property=\"og:image:type\" content=\"image\/png\" \/>\n<meta name=\"author\" content=\"dBriefing\" \/>\n<meta name=\"twitter:card\" content=\"summary_large_image\" \/>\n<meta name=\"twitter:label1\" content=\"Escrito por\" \/>\n\t<meta name=\"twitter:data1\" content=\"dBriefing\" \/>\n\t<meta name=\"twitter:label2\" content=\"Est. tempo de leitura\" \/>\n\t<meta name=\"twitter:data2\" content=\"4 minutos\" \/>\n<script type=\"application\/ld+json\" class=\"yoast-schema-graph\">{\"@context\":\"https:\/\/schema.org\",\"@graph\":[{\"@type\":\"WebPage\",\"@id\":\"https:\/\/pinheiroscosmeticos.com.br\/blog\/2018\/09\/05\/maquiagem-colorida-7-ideias-para-voce-se-inspirar\/\",\"url\":\"https:\/\/pinheiroscosmeticos.com.br\/blog\/2018\/09\/05\/maquiagem-colorida-7-ideias-para-voce-se-inspirar\/\",\"name\":\"Maquiagem Colorida: 7 ideias para voc\u00ea se inspirar - Pinheiros Cosm\u00e9ticos\",\"isPartOf\":{\"@id\":\"https:\/\/pinheiroscosmeticos.com.br\/blog\/#website\"},\"datePublished\":\"2018-09-05T19:06:04+00:00\",\"dateModified\":\"2018-09-05T19:14:07+00:00\",\"author\":{\"@id\":\"https:\/\/pinheiroscosmeticos.com.br\/blog\/#\/schema\/person\/8a6c965f731e6683d1a22944c15bb130\"},\"description\":\"Com uma maquiagem colorida, voc\u00ea pode passar a imagem de uma mulher criativa, forte e sem medo de chamar olhares. Conhe\u00e7a sete inspira\u00e7\u00f5es para arrasar!\",\"breadcrumb\":{\"@id\":\"https:\/\/pinheiroscosmeticos.com.br\/blog\/2018\/09\/05\/maquiagem-colorida-7-ideias-para-voce-se-inspirar\/#breadcrumb\"},\"inLanguage\":\"pt-BR\",\"potentialAction\":[{\"@type\":\"ReadAction\",\"target\":[\"https:\/\/pinheiroscosmeticos.com.br\/blog\/2018\/09\/05\/maquiagem-colorida-7-ideias-para-voce-se-inspirar\/\"]}]},{\"@type\":\"BreadcrumbList\",\"@id\":\"https:\/\/pinheiroscosmeticos.com.br\/blog\/2018\/09\/05\/maquiagem-colorida-7-ideias-para-voce-se-inspirar\/#breadcrumb\",\"itemListElement\":[{\"@type\":\"ListItem\",\"position\":1,\"name\":\"In\u00edcio\",\"item\":\"https:\/\/pinheiroscosmeticos.com.br\/blog\/\"},{\"@type\":\"ListItem\",\"position\":2,\"name\":\"Maquiagem Colorida: 7 ideias para voc\u00ea se inspirar\"}]},{\"@type\":\"WebSite\",\"@id\":\"https:\/\/pinheiroscosmeticos.com.br\/blog\/#website\",\"url\":\"https:\/\/pinheiroscosmeticos.com.br\/blog\/\",\"name\":\"Pinheiros Cosm\u00e9ticos Blog\",\"description\":\"Blog Oficial\",\"potentialAction\":[{\"@type\":\"SearchAction\",\"target\":{\"@type\":\"EntryPoint\",\"urlTemplate\":\"https:\/\/pinheiroscosmeticos.com.br\/blog\/?s={search_term_string}\"},\"query-input\":\"required name=search_term_string\"}],\"inLanguage\":\"pt-BR\"},{\"@type\":\"Person\",\"@id\":\"https:\/\/pinheiroscosmeticos.com.br\/blog\/#\/schema\/person\/8a6c965f731e6683d1a22944c15bb130\",\"name\":\"dBriefing\",\"image\":{\"@type\":\"ImageObject\",\"inLanguage\":\"pt-BR\",\"@id\":\"https:\/\/pinheiroscosmeticos.com.br\/blog\/#\/schema\/person\/image\/\",\"url\":\"https:\/\/secure.gravatar.com\/avatar\/2a5ab9ddec46cad63aeb0075ab70d944?s=96&d=mm&r=g\",\"contentUrl\":\"https:\/\/secure.gravatar.com\/avatar\/2a5ab9ddec46cad63aeb0075ab70d944?s=96&d=mm&r=g\",\"caption\":\"dBriefing\"}}]}<\/script>\n<!-- \/ Yoast SEO plugin. -->","yoast_head_json":{"title":"Maquiagem Colorida: 7 ideias para voc\u00ea se inspirar - Pinheiros Cosm\u00e9ticos","description":"Com uma maquiagem colorida, voc\u00ea pode passar a imagem de uma mulher criativa, forte e sem medo de chamar olhares. Conhe\u00e7a sete inspira\u00e7\u00f5es para arrasar!","robots":{"index":"index","follow":"follow","max-snippet":"max-snippet:-1","max-image-preview":"max-image-preview:large","max-video-preview":"max-video-preview:-1"},"canonical":"https:\/\/pinheiroscosmeticos.com.br\/blog\/2018\/09\/05\/maquiagem-colorida-7-ideias-para-voce-se-inspirar\/","og_locale":"pt_BR","og_type":"article","og_title":"Maquiagem Colorida: 7 ideias para voc\u00ea se inspirar - Pinheiros Cosm\u00e9ticos","og_description":"Com uma maquiagem colorida, voc\u00ea pode passar a imagem de uma mulher criativa, forte e sem medo de chamar olhares. Conhe\u00e7a sete inspira\u00e7\u00f5es para arrasar!","og_url":"https:\/\/pinheiroscosmeticos.com.br\/blog\/2018\/09\/05\/maquiagem-colorida-7-ideias-para-voce-se-inspirar\/","og_site_name":"Pinheiros Cosm\u00e9ticos","article_publisher":"https:\/\/www.facebook.com\/pinheiroscosmeticos\/","article_published_time":"2018-09-05T19:06:04+00:00","article_modified_time":"2018-09-05T19:14:07+00:00","og_image":[{"width":1024,"height":512,"url":"https:\/\/pinheiroscosmeticos.com.br\/blog\/wp-content\/uploads\/2018\/09\/05-09.png","type":"image\/png"}],"author":"dBriefing","twitter_card":"summary_large_image","twitter_misc":{"Escrito por":"dBriefing","Est. tempo de leitura":"4 minutos"},"schema":{"@context":"https:\/\/schema.org","@graph":[{"@type":"WebPage","@id":"https:\/\/pinheiroscosmeticos.com.br\/blog\/2018\/09\/05\/maquiagem-colorida-7-ideias-para-voce-se-inspirar\/","url":"https:\/\/pinheiroscosmeticos.com.br\/blog\/2018\/09\/05\/maquiagem-colorida-7-ideias-para-voce-se-inspirar\/","name":"Maquiagem Colorida: 7 ideias para voc\u00ea se inspirar - Pinheiros Cosm\u00e9ticos","isPartOf":{"@id":"https:\/\/pinheiroscosmeticos.com.br\/blog\/#website"},"datePublished":"2018-09-05T19:06:04+00:00","dateModified":"2018-09-05T19:14:07+00:00","author":{"@id":"https:\/\/pinheiroscosmeticos.com.br\/blog\/#\/schema\/person\/8a6c965f731e6683d1a22944c15bb130"},"description":"Com uma maquiagem colorida, voc\u00ea pode passar a imagem de uma mulher criativa, forte e sem medo de chamar olhares. Conhe\u00e7a sete inspira\u00e7\u00f5es para arrasar!","breadcrumb":{"@id":"https:\/\/pinheiroscosmeticos.com.br\/blog\/2018\/09\/05\/maquiagem-colorida-7-ideias-para-voce-se-inspirar\/#breadcrumb"},"inLanguage":"pt-BR","potentialAction":[{"@type":"ReadAction","target":["https:\/\/pinheiroscosmeticos.com.br\/blog\/2018\/09\/05\/maquiagem-colorida-7-ideias-para-voce-se-inspirar\/"]}]},{"@type":"BreadcrumbList","@id":"https:\/\/pinheiroscosmeticos.com.br\/blog\/2018\/09\/05\/maquiagem-colorida-7-ideias-para-voce-se-inspirar\/#breadcrumb","itemListElement":[{"@type":"ListItem","position":1,"name":"In\u00edcio","item":"https:\/\/pinheiroscosmeticos.com.br\/blog\/"},{"@type":"ListItem","position":2,"name":"Maquiagem Colorida: 7 ideias para voc\u00ea se inspirar"}]},{"@type":"WebSite","@id":"https:\/\/pinheiroscosmeticos.com.br\/blog\/#website","url":"https:\/\/pinheiroscosmeticos.com.br\/blog\/","name":"Pinheiros Cosm\u00e9ticos Blog","description":"Blog Oficial","potentialAction":[{"@type":"SearchAction","target":{"@type":"EntryPoint","urlTemplate":"https:\/\/pinheiroscosmeticos.com.br\/blog\/?s={search_term_string}"},"query-input":"required name=search_term_string"}],"inLanguage":"pt-BR"},{"@type":"Person","@id":"https:\/\/pinheiroscosmeticos.com.br\/blog\/#\/schema\/person\/8a6c965f731e6683d1a22944c15bb130","name":"dBriefing","image":{"@type":"ImageObject","inLanguage":"pt-BR","@id":"https:\/\/pinheiroscosmeticos.com.br\/blog\/#\/schema\/person\/image\/","url":"https:\/\/secure.gravatar.com\/avatar\/2a5ab9ddec46cad63aeb0075ab70d944?s=96&d=mm&r=g","contentUrl":"https:\/\/secure.gravatar.com\/avatar\/2a5ab9ddec46cad63aeb0075ab70d944?s=96&d=mm&r=g","caption":"dBriefing"}}]}},"_links":{"self":[{"href":"https:\/\/pinheiroscosmeticos.com.br\/blog\/wp-json\/wp\/v2\/posts\/69"}],"collection":[{"href":"https:\/\/pinheiroscosmeticos.com.br\/blog\/wp-json\/wp\/v2\/posts"}],"about":[{"href":"https:\/\/pinheiroscosmeticos.com.br\/blog\/wp-json\/wp\/v2\/types\/post"}],"author":[{"embeddable":true,"href":"https:\/\/pinheiroscosmeticos.com.br\/blog\/wp-json\/wp\/v2\/users\/1"}],"replies":[{"embeddable":true,"href":"https:\/\/pinheiroscosmeticos.com.br\/blog\/wp-json\/wp\/v2\/comments?post=69"}],"version-history":[{"count":3,"href":"https:\/\/pinheiroscosmeticos.com.br\/blog\/wp-json\/wp\/v2\/posts\/69\/revisions"}],"predecessor-version":[{"id":80,"href":"https:\/\/pinheiroscosmeticos.com.br\/blog\/wp-json\/wp\/v2\/posts\/69\/revisions\/80"}],"wp:featuredmedia":[{"embeddable":true,"href":"https:\/\/pinheiroscosmeticos.com.br\/blog\/wp-json\/wp\/v2\/media\/71"}],"wp:attachment":[{"href":"https:\/\/pinheiroscosmeticos.com.br\/blog\/wp-json\/wp\/v2\/media?parent=69"}],"wp:term":[{"taxonomy":"category","embeddable":true,"href":"https:\/\/pinheiroscosmeticos.com.br\/blog\/wp-json\/wp\/v2\/categories?post=69"},{"taxonomy":"post_tag","embeddable":true,"href":"https:\/\/pinheiroscosmeticos.com.br\/blog\/wp-json\/wp\/v2\/tags?post=69"}],"curies":[{"name":"wp","href":"https:\/\/api.w.org\/{rel}","templated":true}]}}